{"id":86679,"date":"2021-01-28T12:04:23","date_gmt":"2021-01-28T15:04:23","guid":{"rendered":"https:\/\/eldiariodesanpedro.com.ar\/sitio\/?p=86679"},"modified":"2021-01-28T12:04:27","modified_gmt":"2021-01-28T15:04:27","slug":"recuperaron-parte-de-lo-robado-en-la-escuela-agrotecnica-de-rio-tala","status":"publish","type":"post","link":"https:\/\/eldiariodesanpedro.com.ar\/sitio\/recuperaron-parte-de-lo-robado-en-la-escuela-agrotecnica-de-rio-tala\/","title":{"rendered":"Recuperaron parte de lo robado en la Escuela Agrot\u00e9cnica de R\u00edo tala"},"content":{"rendered":"<!-- VideographyWP Plugin Message: Automatic video embedding prevented by plugin options. -->\n\n<p>Tras una larga investigaci\u00f3n por parte del Gabinete Criminol\u00f3gico se realizaron dos allanamientos en la tarde de este mi\u00e9rcoles que otorgaron resultados positivos logrando recuperar parte de lo robado en la escuela de la localidad de R\u00edo tala.<\/p>\n\n\n\n<p>Recordemos que el pasado 15 de enero en horas de la madrugada delincuentes ignorados ingresaron a la escuela Agrot\u00e9cnica de la localidad de R\u00edo Tala y tras provocar da\u00f1os se llevaron una importante cantidad de elementos pertenecientes al establecimiento.<\/p>\n\n\n\n<p>La polic\u00eda de nuestra ciudad realiz\u00f3 investigaciones hasta dar con los autores de los hechos por lo que se realiz\u00f3 allanamientos por el GTO a cargo de Guillermo Turci en dos domicilios de San Pedro, el primero de ellos en calle Brenan y Las Provincias donde se secuestr\u00f3 herramientas varias, alargues el\u00e9ctricos, metros de sogas, y distintos materiales. La segunda diligencia se realiz\u00f3 en calle Nieto de Torres y Cabrera donde tambi\u00e9n se secuestraron herramientas varias.<\/p>\n\n\n\n<p>En ambos domicilios se aprehendieron a dos ciudadanos de 34 y 35 a\u00f1os correspondientemente quienes fueron trasladados a la comisar\u00eda local y la fiscal\u00eda contin\u00faa la b\u00fasqueda del resto de las herramientas robadas.<\/p>\n\n\n\n<figure class=\"wp-block-image size-large\"><img decoding=\"async\" width=\"1024\" height=\"1024\" data-attachment-id=\"86681\" data-permalink=\"https:\/\/eldiariodesanpedro.com.ar\/sitio\/recuperaron-parte-de-lo-robado-en-la-escuela-agrotecnica-de-rio-tala\/whatsapp-image-2021-01-28-at-11-45-53\/\" data-orig-file=\"https:\/\/eldiariodesanpedro.com.ar\/sitio\/wp-content\/uploads\/2021\/01\/WhatsApp-Image-2021-01-28-at-11.45.53.jpeg\" data-orig-size=\"1280,1280\" data-comments-opened=\"1\" data-image-meta=\"{&quot;aperture&quot;:&quot;0&quot;,&quot;credit&quot;:&quot;&quot;,&quot;camera&quot;:&quot;&quot;,&quot;caption&quot;:&quot;&quot;,&quot;created_timestamp&quot;:&quot;0&quot;,&quot;copyright&quot;:&quot;&quot;,&quot;focal_length&quot;:&quot;0&quot;,&quot;iso&quot;:&quot;0&quot;,&quot;shutter_speed&quot;:&quot;0&quot;,&quot;title&quot;:&quot;&quot;,&quot;orientation&quot;:&quot;0&quot;}\" data-image-title=\"WhatsApp Image 2021-01-28 at 11.45.53\" data-image-description=\"\" data-image-caption=\"\" data-large-file=\"https:\/\/eldiariodesanpedro.com.ar\/sitio\/wp-content\/uploads\/2021\/01\/WhatsApp-Image-2021-01-28-at-11.45.53-1024x1024.jpeg\" data-src=\"https:\/\/eldiariodesanpedro.com.ar\/sitio\/wp-content\/uploads\/2021\/01\/WhatsApp-Image-2021-01-28-at-11.45.53-1024x1024.jpeg\" alt=\"\" class=\"wp-image-86681 lazyload\" data-srcset=\"https:\/\/eldiariodesanpedro.com.ar\/sitio\/wp-content\/uploads\/2021\/01\/WhatsApp-Image-2021-01-28-at-11.45.53-1024x1024.jpeg 1024w, https:\/\/eldiariodesanpedro.com.ar\/sitio\/wp-content\/uploads\/2021\/01\/WhatsApp-Image-2021-01-28-at-11.45.53-300x300.jpeg 300w, https:\/\/eldiariodesanpedro.com.ar\/sitio\/wp-content\/uploads\/2021\/01\/WhatsApp-Image-2021-01-28-at-11.45.53-150x150.jpeg 150w, https:\/\/eldiariodesanpedro.com.ar\/sitio\/wp-content\/uploads\/2021\/01\/WhatsApp-Image-2021-01-28-at-11.45.53-768x768.jpeg 768w, https:\/\/eldiariodesanpedro.com.ar\/sitio\/wp-content\/uploads\/2021\/01\/WhatsApp-Image-2021-01-28-at-11.45.53.jpeg 1280w\" data-sizes=\"(max-width: 1024px) 100vw, 1024px\" src=\"data:image\/svg+xml;base64,PHN2ZyB3aWR0aD0iMSIgaGVpZ2h0PSIxIiB4bWxucz0iaHR0cDovL3d3dy53My5vcmcvMjAwMC9zdmciPjwvc3ZnPg==\" style=\"--smush-placeholder-width: 1024px; --smush-placeholder-aspect-ratio: 1024\/1024;\" \/><\/figure>\n","protected":false},"excerpt":{"rendered":"<p>Tras una larga investigaci\u00f3n por parte del Gabinete Criminol\u00f3gico se realizaron dos allanamientos en la tarde de este mi\u00e9rcoles que otorgaron resultados positivos logrando recuperar parte de lo robado en la escuela de la localidad de R\u00edo tala. Recordemos que el pasado 15 de enero en horas de la madrugada delincuentes ignorados ingresaron a la [&hellip;]<\/p>\n","protected":false},"author":4,"featured_media":86680,"comment_status":"open","ping_status":"closed","sticky":false,"template":"","format":"standard","meta":{"om_disable_all_campaigns":false,"_jetpack_memberships_contains_paid_content":false,"footnotes":""},"categories":[50,2,103],"tags":[],"class_list":["post-86679","post","type-post","status-publish","format-standard","has-post-thumbnail","hentry","category-destacadas","category-locales","category-policiales-locales"],"aioseo_notices":[],"gutentor_comment":0,"jetpack_featured_media_url":"https:\/\/eldiariodesanpedro.com.ar\/sitio\/wp-content\/uploads\/2021\/01\/Sin-titulo-1-9.jpg","jetpack_shortlink":"https:\/\/wp.me\/p6RhLt-my3","jetpack_sharing_enabled":true,"_links":{"self":[{"href":"https:\/\/eldiariodesanpedro.com.ar\/sitio\/wp-json\/wp\/v2\/posts\/86679","targetHints":{"allow":["GET"]}}],"collection":[{"href":"https:\/\/eldiariodesanpedro.com.ar\/sitio\/wp-json\/wp\/v2\/posts"}],"about":[{"href":"https:\/\/eldiariodesanpedro.com.ar\/sitio\/wp-json\/wp\/v2\/types\/post"}],"author":[{"embeddable":true,"href":"https:\/\/eldiariodesanpedro.com.ar\/sitio\/wp-json\/wp\/v2\/users\/4"}],"replies":[{"embeddable":true,"href":"https:\/\/eldiariodesanpedro.com.ar\/sitio\/wp-json\/wp\/v2\/comments?post=86679"}],"version-history":[{"count":1,"href":"https:\/\/eldiariodesanpedro.com.ar\/sitio\/wp-json\/wp\/v2\/posts\/86679\/revisions"}],"predecessor-version":[{"id":86682,"href":"https:\/\/eldiariodesanpedro.com.ar\/sitio\/wp-json\/wp\/v2\/posts\/86679\/revisions\/86682"}],"wp:featuredmedia":[{"embeddable":true,"href":"https:\/\/eldiariodesanpedro.com.ar\/sitio\/wp-json\/wp\/v2\/media\/86680"}],"wp:attachment":[{"href":"https:\/\/eldiariodesanpedro.com.ar\/sitio\/wp-json\/wp\/v2\/media?parent=86679"}],"wp:term":[{"taxonomy":"category","embeddable":true,"href":"https:\/\/eldiariodesanpedro.com.ar\/sitio\/wp-json\/wp\/v2\/categories?post=86679"},{"taxonomy":"post_tag","embeddable":true,"href":"https:\/\/eldiariodesanpedro.com.ar\/sitio\/wp-json\/wp\/v2\/tags?post=86679"}],"curies":[{"name":"wp","href":"https:\/\/api.w.org\/{rel}","templated":true}]}}