{"id":8666,"date":"2016-10-07T20:01:30","date_gmt":"2016-10-07T23:01:30","guid":{"rendered":"https:\/\/eldiariodesanpedro.com.ar\/sitio\/?p=8666"},"modified":"2016-10-07T20:01:30","modified_gmt":"2016-10-07T23:01:30","slug":"anticipan-una-ocupacion-hotelera-del-74-para-este-fin-de-semana-largo","status":"publish","type":"post","link":"https:\/\/eldiariodesanpedro.com.ar\/sitio\/anticipan-una-ocupacion-hotelera-del-74-para-este-fin-de-semana-largo\/","title":{"rendered":"Anticipan una ocupaci\u00f3n hotelera del 74% para este fin de semana largo"},"content":{"rendered":"<p><!-- VideographyWP Plugin Message: Automatic video embedding prevented by plugin options. --><br \/>\nLos destinos tur\u00edsticos de la provincia de Buenos Aires reciben el fin de semana largo por el D\u00eda del Respeto a la Diversidad Cultural con buenas perspectivas en materia de reservas hoteleras, seg\u00fan la Encuesta de Ocupaci\u00f3n Hotelera (EOH), que realiz\u00f3 la Subsecretar\u00eda de Turismo.<br \/>\nLas ciudades tur\u00edsticas de la regi\u00f3n serrana encabezan las preferencias de los turistas con un promedio general del 73 por ciento, destac\u00e1ndose en primer lugar Tandil con un 79 por ciento, luego las localidades de Tornquist: Villa Ventana, con un 67 por ciento, y Sierra de la Ventana, con un 63 por ciento.<\/p>\n<p>En esta l\u00ednea, los destinos del segmento \u201cEscapadas y Termas\u201d registran el 69 por ciento de sus plazas hoteleras reservadas: San Nicol\u00e1s con el 85 por ciento, San Pedro, 74; Chascom\u00fas y Jun\u00edn en el orden del 70 por ciento; San Miguel del Monte y Ramallo est\u00e1n por encima del 60 por ciento mientras que Carhu\u00e9 (Adolfo Alsina) y San Antonio de Areco arrojan cifras que se encuentran en la franja del 55 al 60 por ciento.<br \/>\n Por  su parte, los centros tur\u00edsticos de la Costa Atl\u00e1ntica alcanzan un promedio general del 65 por ciento, destac\u00e1ndose Mar del Plata (General Pueyrred\u00f3n) con reservas que arriban al 80 por ciento.<\/p>\n","protected":false},"excerpt":{"rendered":"<p>Los destinos tur\u00edsticos de la provincia de Buenos Aires reciben el fin de semana largo por el D\u00eda del Respeto a la Diversidad Cultural con buenas perspectivas en materia de reservas hoteleras, seg\u00fan la Encuesta de Ocupaci\u00f3n Hotelera (EOH), que realiz\u00f3 la Subsecretar\u00eda de Turismo. Las ciudades tur\u00edsticas de la regi\u00f3n serrana encabezan las preferencias [&hellip;]<\/p>\n","protected":false},"author":4,"featured_media":8667,"comment_status":"open","ping_status":"closed","sticky":false,"template":"","format":"standard","meta":{"om_disable_all_campaigns":false,"_jetpack_memberships_contains_paid_content":false,"footnotes":""},"categories":[101,2],"tags":[],"class_list":["post-8666","post","type-post","status-publish","format-standard","has-post-thumbnail","hentry","category-interes-general-locales","category-locales"],"aioseo_notices":[],"gutentor_comment":0,"jetpack_featured_media_url":"https:\/\/eldiariodesanpedro.com.ar\/sitio\/wp-content\/uploads\/2016\/10\/b48b488ab1bdf6cd63ff5bdfc4a6e42e.jpg","jetpack_shortlink":"https:\/\/wp.me\/p6RhLt-2fM","jetpack_sharing_enabled":true,"_links":{"self":[{"href":"https:\/\/eldiariodesanpedro.com.ar\/sitio\/wp-json\/wp\/v2\/posts\/8666","targetHints":{"allow":["GET"]}}],"collection":[{"href":"https:\/\/eldiariodesanpedro.com.ar\/sitio\/wp-json\/wp\/v2\/posts"}],"about":[{"href":"https:\/\/eldiariodesanpedro.com.ar\/sitio\/wp-json\/wp\/v2\/types\/post"}],"author":[{"embeddable":true,"href":"https:\/\/eldiariodesanpedro.com.ar\/sitio\/wp-json\/wp\/v2\/users\/4"}],"replies":[{"embeddable":true,"href":"https:\/\/eldiariodesanpedro.com.ar\/sitio\/wp-json\/wp\/v2\/comments?post=8666"}],"version-history":[{"count":1,"href":"https:\/\/eldiariodesanpedro.com.ar\/sitio\/wp-json\/wp\/v2\/posts\/8666\/revisions"}],"predecessor-version":[{"id":8668,"href":"https:\/\/eldiariodesanpedro.com.ar\/sitio\/wp-json\/wp\/v2\/posts\/8666\/revisions\/8668"}],"wp:featuredmedia":[{"embeddable":true,"href":"https:\/\/eldiariodesanpedro.com.ar\/sitio\/wp-json\/wp\/v2\/media\/8667"}],"wp:attachment":[{"href":"https:\/\/eldiariodesanpedro.com.ar\/sitio\/wp-json\/wp\/v2\/media?parent=8666"}],"wp:term":[{"taxonomy":"category","embeddable":true,"href":"https:\/\/eldiariodesanpedro.com.ar\/sitio\/wp-json\/wp\/v2\/categories?post=8666"},{"taxonomy":"post_tag","embeddable":true,"href":"https:\/\/eldiariodesanpedro.com.ar\/sitio\/wp-json\/wp\/v2\/tags?post=8666"}],"curies":[{"name":"wp","href":"https:\/\/api.w.org\/{rel}","templated":true}]}}