{"id":8663,"date":"2016-10-07T19:58:45","date_gmt":"2016-10-07T22:58:45","guid":{"rendered":"https:\/\/eldiariodesanpedro.com.ar\/sitio\/?p=8663"},"modified":"2016-10-07T19:58:45","modified_gmt":"2016-10-07T22:58:45","slug":"este-fin-de-semana-se-realiza-la-fiesta-de-las-colectividades","status":"publish","type":"post","link":"https:\/\/eldiariodesanpedro.com.ar\/sitio\/este-fin-de-semana-se-realiza-la-fiesta-de-las-colectividades\/","title":{"rendered":"Este fin de semana se realiza la Fiesta de las Colectividades"},"content":{"rendered":"<p><!-- VideographyWP Plugin Message: Automatic video embedding prevented by plugin options. --><br \/>\nOrganizado por la Direcci\u00f3n de Cultura de la Municipalidad de San Pedro en conjunto con instituciones, durante este fin de semana tendr\u00e1 lugar el evento.<br \/>\nEl cronograma comenzar\u00e1 el s\u00e1bado 8 con Fent Polseguera, Studio All Dance, Vieja Guarda, Chacovachi (Obra Festival de Clown), Sol Altolaguirre, O Tolerancia, invade, Batucada Brasilera, Gls.<br \/>\nY el domingo 9 se presentar\u00e1n en el escenario: Andr\u00e9s Albano y Eliana Rosso, Baile Salsa, Mb Danza Arabe, Tamara Pettone Gym, Hnos Moyano, Hnos Krenz, Pablo Ram\u00edrez, Maru Marzuk, Brian V\u00e1zquez, Tumbao Show.<\/p>\n","protected":false},"excerpt":{"rendered":"<p>Organizado por la Direcci\u00f3n de Cultura de la Municipalidad de San Pedro en conjunto con instituciones, durante este fin de semana tendr\u00e1 lugar el evento. El cronograma comenzar\u00e1 el s\u00e1bado 8 con Fent Polseguera, Studio All Dance, Vieja Guarda, Chacovachi (Obra Festival de Clown), Sol Altolaguirre, O Tolerancia, invade, Batucada Brasilera, Gls. Y el domingo [&hellip;]<\/p>\n","protected":false},"author":4,"featured_media":8664,"comment_status":"open","ping_status":"closed","sticky":false,"template":"","format":"standard","meta":{"om_disable_all_campaigns":false,"_jetpack_memberships_contains_paid_content":false,"footnotes":""},"categories":[101,2],"tags":[],"class_list":["post-8663","post","type-post","status-publish","format-standard","has-post-thumbnail","hentry","category-interes-general-locales","category-locales"],"aioseo_notices":[],"gutentor_comment":0,"jetpack_featured_media_url":"https:\/\/eldiariodesanpedro.com.ar\/sitio\/wp-content\/uploads\/2016\/10\/Colectividades-2014-1.jpg","jetpack_shortlink":"https:\/\/wp.me\/p6RhLt-2fJ","jetpack_sharing_enabled":true,"_links":{"self":[{"href":"https:\/\/eldiariodesanpedro.com.ar\/sitio\/wp-json\/wp\/v2\/posts\/8663","targetHints":{"allow":["GET"]}}],"collection":[{"href":"https:\/\/eldiariodesanpedro.com.ar\/sitio\/wp-json\/wp\/v2\/posts"}],"about":[{"href":"https:\/\/eldiariodesanpedro.com.ar\/sitio\/wp-json\/wp\/v2\/types\/post"}],"author":[{"embeddable":true,"href":"https:\/\/eldiariodesanpedro.com.ar\/sitio\/wp-json\/wp\/v2\/users\/4"}],"replies":[{"embeddable":true,"href":"https:\/\/eldiariodesanpedro.com.ar\/sitio\/wp-json\/wp\/v2\/comments?post=8663"}],"version-history":[{"count":1,"href":"https:\/\/eldiariodesanpedro.com.ar\/sitio\/wp-json\/wp\/v2\/posts\/8663\/revisions"}],"predecessor-version":[{"id":8665,"href":"https:\/\/eldiariodesanpedro.com.ar\/sitio\/wp-json\/wp\/v2\/posts\/8663\/revisions\/8665"}],"wp:featuredmedia":[{"embeddable":true,"href":"https:\/\/eldiariodesanpedro.com.ar\/sitio\/wp-json\/wp\/v2\/media\/8664"}],"wp:attachment":[{"href":"https:\/\/eldiariodesanpedro.com.ar\/sitio\/wp-json\/wp\/v2\/media?parent=8663"}],"wp:term":[{"taxonomy":"category","embeddable":true,"href":"https:\/\/eldiariodesanpedro.com.ar\/sitio\/wp-json\/wp\/v2\/categories?post=8663"},{"taxonomy":"post_tag","embeddable":true,"href":"https:\/\/eldiariodesanpedro.com.ar\/sitio\/wp-json\/wp\/v2\/tags?post=8663"}],"curies":[{"name":"wp","href":"https:\/\/api.w.org\/{rel}","templated":true}]}}