{"id":8654,"date":"2016-10-07T19:23:23","date_gmt":"2016-10-07T22:23:23","guid":{"rendered":"https:\/\/eldiariodesanpedro.com.ar\/sitio\/?p=8654"},"modified":"2016-10-07T19:23:23","modified_gmt":"2016-10-07T22:23:23","slug":"villa-ramallo-comienza-la-quinta-edicion-del-festival-baldio-jazz","status":"publish","type":"post","link":"https:\/\/eldiariodesanpedro.com.ar\/sitio\/villa-ramallo-comienza-la-quinta-edicion-del-festival-baldio-jazz\/","title":{"rendered":"Villa Ramallo: Comienza la quinta edici\u00f3n del festival Bald\u00edo Jazz"},"content":{"rendered":"<p><!-- VideographyWP Plugin Message: Automatic video embedding prevented by plugin options. --><br \/>\nEl evento, que se desarrollar\u00e1 este fin de semana largo, contar\u00e1 con las presencias estelares de los m\u00fasicos de EEUU, Devin Hoff y Dina Maccabee y de \u201cMingunos\u201d. Se presentar\u00e1n tambi\u00e9n artistas de Colombia, Venezuela, Rep\u00fablica Dominicana, Brasil y de las ciudades de Buenos Aires, San Nicol\u00e1s y Ramallo, entre los casi 35 m\u00fasicos que pasar\u00e1n por el encuentro cultural organizado por la Asociaci\u00f3n Civil Movimiento Bald\u00edo.<br \/>\nA solo dos horas del Obelisco y a la vera del R\u00edo Paran\u00e1, el evento se pondr\u00e1 en marcha hoy s\u00e1bado 8 con la presentaci\u00f3n del gran tr\u00edo del pianista Nicol\u00e1s Boccanera, haciendo composiciones propias. Continuar\u00e1 con el grupo de vocalistas \u201cHip Sista\u201d, integrado por Luc\u00eda Boffo, Mariana Iturri y Marina Rama, y acompa\u00f1adas por el pianista Ramiro Zayas.<br \/>\nDurante la noche del s\u00e1bado se presentar\u00e1n en formato de d\u00fao el destacado contrabajista Devin Hoff y la violinista y cantante Dina Maccabee.<br \/>\nHoff es un prestigioso m\u00fasico que ha tocado con artistas tales como Joshua Redman, Steven Bernstein, Xiu Xiu, Ben Goldberg, Ches Smith, Nels Cline, entre otros. Ha participado en m\u00e1s de 40 discos y en el 2009 grab\u00f3 el disco \u201cSolo Bass\u201d, el cual presenta m\u00fasica propia interpretada solamente con su contrabajo.<br \/>\nEl cierre de la jornada estar\u00e1 a cargo de la banda \u201cMingunos\u201d, extensa y particular formaci\u00f3n (voz, flauta traversa, trompeta\/tromb\u00f3n, saxo tenor, saxo alto, saxo bar\u00edtono\/clarinete bajo, guitarra, contrabajo y bater\u00eda) que interpretar\u00e1 temas junto a Devin Hoff y presentar\u00e1 su primer disco, \u201cC\u00famulus Mingus\u201d, recientemente estrenado con gran \u00e9xito en el club de jazz Thelonius, de la ciudad de Buenos Aires.<br \/>\n\u201cMingunos\u201d est\u00e1 conformado por nueve j\u00f3venes m\u00fasicos, con una inmensa dedicaci\u00f3n en revivir la m\u00fasica del c\u00e9lebre contrabajista y compositor, Charles Mingus. La agrupaci\u00f3n alcanza sonoridades de Big Band as\u00ed como matices orquestales, caracter\u00edsticos de las composiciones originales, d\u00e1ndole a su vez un color personal.<br \/>\nEl domingo 9 se dar\u00e1 cita \u201cJuguete Rabioso\u201d, la banda conformada \u00edntegramente por m\u00fasicos de Ramallo, mezcla los ritmos de la m\u00fasica popular argentina con la m\u00fasica de jazz. El recorrido de domingo continuar\u00e1 con la banda de San Nicol\u00e1s, \u201cGroove Fandango\u201d, haciendo distintas versiones de standards del g\u00e9nero.<br \/>\nEsa misma noche har\u00e1 su presentaci\u00f3n el talentoso compositor y pianista Leo Postolovsky con su quinteto integrado por m\u00fasicos de Capital Federal, Brasil y Venezuela, presentando su tercer disco \u201cBajoflores\u201d. Lo acompa\u00f1ar\u00e1n Gaby Stern en flauta y saxo alto, Pato Bottcher en clarinete bajo, Santiago Lamisovsky en contrabajo y Omar Men\u00e9ndez en bater\u00eda.<br \/>\nEl cierre del domingo estar\u00e1 a cargo de la banda de Latin-Jazz \u201cPa Prende\u201d, integrada por el baterista dominicano Carmelo Urbano junto a  Gabriel Gustavo D\u00edaz, Agust\u00edn Alonso, Joaqu\u00edn Cichello, Mariano Pingitore y Juan Ignacio Sanchez. La riqueza del jazz con la versatilidad y sabor de los ritmos de Am\u00e9rica Latina y el Caribe, \u00a1Pa goz\u00e1, Pa Prende!<\/p>\n","protected":false},"excerpt":{"rendered":"<p>El evento, que se desarrollar\u00e1 este fin de semana largo, contar\u00e1 con las presencias estelares de los m\u00fasicos de EEUU, Devin Hoff y Dina Maccabee y de \u201cMingunos\u201d. Se presentar\u00e1n tambi\u00e9n artistas de Colombia, Venezuela, Rep\u00fablica Dominicana, Brasil y de las ciudades de Buenos Aires, San Nicol\u00e1s y Ramallo, entre los casi 35 m\u00fasicos que [&hellip;]<\/p>\n","protected":false},"author":4,"featured_media":8655,"comment_status":"open","ping_status":"closed","sticky":false,"template":"","format":"standard","meta":{"om_disable_all_campaigns":false,"_jetpack_memberships_contains_paid_content":false,"footnotes":""},"categories":[50,101,2],"tags":[],"class_list":["post-8654","post","type-post","status-publish","format-standard","has-post-thumbnail","hentry","category-destacadas","category-interes-general-locales","category-locales"],"aioseo_notices":[],"gutentor_comment":0,"jetpack_featured_media_url":"https:\/\/eldiariodesanpedro.com.ar\/sitio\/wp-content\/uploads\/2016\/10\/DSC_5288-BaraderoHoy.jpg","jetpack_shortlink":"https:\/\/wp.me\/p6RhLt-2fA","jetpack_sharing_enabled":true,"_links":{"self":[{"href":"https:\/\/eldiariodesanpedro.com.ar\/sitio\/wp-json\/wp\/v2\/posts\/8654","targetHints":{"allow":["GET"]}}],"collection":[{"href":"https:\/\/eldiariodesanpedro.com.ar\/sitio\/wp-json\/wp\/v2\/posts"}],"about":[{"href":"https:\/\/eldiariodesanpedro.com.ar\/sitio\/wp-json\/wp\/v2\/types\/post"}],"author":[{"embeddable":true,"href":"https:\/\/eldiariodesanpedro.com.ar\/sitio\/wp-json\/wp\/v2\/users\/4"}],"replies":[{"embeddable":true,"href":"https:\/\/eldiariodesanpedro.com.ar\/sitio\/wp-json\/wp\/v2\/comments?post=8654"}],"version-history":[{"count":1,"href":"https:\/\/eldiariodesanpedro.com.ar\/sitio\/wp-json\/wp\/v2\/posts\/8654\/revisions"}],"predecessor-version":[{"id":8656,"href":"https:\/\/eldiariodesanpedro.com.ar\/sitio\/wp-json\/wp\/v2\/posts\/8654\/revisions\/8656"}],"wp:featuredmedia":[{"embeddable":true,"href":"https:\/\/eldiariodesanpedro.com.ar\/sitio\/wp-json\/wp\/v2\/media\/8655"}],"wp:attachment":[{"href":"https:\/\/eldiariodesanpedro.com.ar\/sitio\/wp-json\/wp\/v2\/media?parent=8654"}],"wp:term":[{"taxonomy":"category","embeddable":true,"href":"https:\/\/eldiariodesanpedro.com.ar\/sitio\/wp-json\/wp\/v2\/categories?post=8654"},{"taxonomy":"post_tag","embeddable":true,"href":"https:\/\/eldiariodesanpedro.com.ar\/sitio\/wp-json\/wp\/v2\/tags?post=8654"}],"curies":[{"name":"wp","href":"https:\/\/api.w.org\/{rel}","templated":true}]}}