{"id":8651,"date":"2016-10-07T19:20:16","date_gmt":"2016-10-07T22:20:16","guid":{"rendered":"https:\/\/eldiariodesanpedro.com.ar\/sitio\/?p=8651"},"modified":"2016-10-07T19:20:16","modified_gmt":"2016-10-07T22:20:16","slug":"marcha-atras-con-el-revaluo-inmobiliario-pero-con-aumento-en-el-impuesto","status":"publish","type":"post","link":"https:\/\/eldiariodesanpedro.com.ar\/sitio\/marcha-atras-con-el-revaluo-inmobiliario-pero-con-aumento-en-el-impuesto\/","title":{"rendered":"Marcha atr\u00e1s con el reval\u00fao inmobiliario, pero con aumento en el impuesto"},"content":{"rendered":"<p><!-- VideographyWP Plugin Message: Automatic video embedding prevented by plugin options. --><br \/>\nEl Gobierno bonaerense decidi\u00f3 dar marcha atr\u00e1s con la implementaci\u00f3n del reval\u00fao fiscal para el a\u00f1o pr\u00f3ximo. Si bien el proceso t\u00e9cnico se completar\u00e1 para cumplir con la Ley de Catastro, los valores no ser\u00e1n incluidos en la ley impositiva que enviar\u00e1 el Gobierno de Mar\u00eda Eugenia Vidal al la Legislatura provincial.<br \/>\nLa gobernadora Vidal anunci\u00f3 que el reval\u00fao inmobiliario no ser\u00e1 tenido en cuenta para la elaboraci\u00f3n del Presupuesto 2017, que ser\u00e1 presentado la pr\u00f3xima semana, conjuntamente con la Ley Fiscal, en la Legislatura. \u201cCada diez a\u00f1os la Provincia tiene que hacer un reval\u00fao, se ten\u00eda que hacer el 2015 y no lo hicieron\u201d, explic\u00f3 la Gobernadora, al tiempo que sostuvo \u201ces una herramienta t\u00e9cnica de Arba\u201d, que no ser\u00e1 tenido en cuenta para la elaboraci\u00f3n de la Ley de Leyes del a\u00f1o pr\u00f3ximo.<br \/>\nSeg\u00fan explicaron desde Arba, no se incumplir\u00e1 la Ley de Catastro, que establece un reval\u00fao por d\u00e9cada, ya que el proceso t\u00e9cnico iniciado (que incluye comisiones conformadas en cada municipio entre agentes de la agencia de recaudaci\u00f3n provincial y una delegaci\u00f3n municipal) ser\u00e1 completado aunque los nuevos valores fiscales no entrar\u00e1n en el c\u00e1lculo de los impuestos correspondientes al a\u00f1o pr\u00f3ximo.<br \/>\nEl rec\u00e1lculo impositivo, por lo tanto, como paso posterior al reval\u00fao podr\u00eda ponerse en marcha reci\u00e9n en 2018. Una serie de tributos nacionales, provinciales y municipales sufrir\u00e1n modificaciones a partir de un reval\u00fao inmobiliario.<\/p>\n<p>Impuestos<\/p>\n<p>Sin embargo, las boletas del impuesto inmobiliario provincial, que se pagar\u00e1n a partir de enero de 2017, ser\u00e1n un tercio m\u00e1s caras. Los n\u00fameros finales estar\u00e1n en una semana, cuando Mar\u00eda Eugenia Vidal presente el presupuesto 2017, pero seg\u00fan trascendi\u00f3 el ajuste ser\u00e1 de entre 25% y 35%, seg\u00fan las zonas y las caracter\u00edsticas de los inmuebles.<br \/>\nLa medida impactar\u00e1 sobre 300 mil due\u00f1os de establecimientos rurales y 6,5 millones de bonaerenses que figuran como titulares de inmuebles en ciudades y pueblos de Buenos Aires.<br \/>\nEste a\u00f1o, la provincia mantuvo el monto de las cuotas igual que en 2015. Por eso, los t\u00e9cnicos del Ministerio de Econom\u00eda quieren \u201cactualizar\u201d ese impuesto que representa poco menos del 10% de los ingresos propios: la proyecci\u00f3n para el cierre del actual ejercicio es que ingresen a las arcas 10 mil millones de pesos por el Impuesto Inmobiliario. El fil\u00f3n de la recaudaci\u00f3n en Buenos Aires es el impuesto sobre los Ingresos Brutos (derivado de un porcentaje de la facturaci\u00f3n de empresas, comercios y profesionales) que aporta el 75% de lo que entra al fisco.<br \/>\nEl inmobiliario rural se liquida en cuatro cuotas anuales y tuvo un fuerte ajuste hace dos a\u00f1os que provoc\u00f3 la reacci\u00f3n del sector agropecuario. El inmobiliario urbano y bald\u00edo se paga en cinco tramos anuales. Hay descuentos para cumplidores y para quienes abonan por adelantado el importe anual. Para los due\u00f1os de casas y terrenos, la primera cuota vence en enero.<br \/>\nLa suba en Provincia est\u00e1 en l\u00ednea con la que aplic\u00f3 el Gobierno de la Ciudad y que ya incorpor\u00f3 al presupuesto enviado a la Legislatura porte\u00f1a. En Buenos Aires los detalles se conocer\u00e1n en una semana, cuando ingrese al parlamento el mensaje del Poder Ejecutivo del presupuesto 2017 que viene adosado con la reforma fiscal.<\/p>\n","protected":false},"excerpt":{"rendered":"<p>El Gobierno bonaerense decidi\u00f3 dar marcha atr\u00e1s con la implementaci\u00f3n del reval\u00fao fiscal para el a\u00f1o pr\u00f3ximo. Si bien el proceso t\u00e9cnico se completar\u00e1 para cumplir con la Ley de Catastro, los valores no ser\u00e1n incluidos en la ley impositiva que enviar\u00e1 el Gobierno de Mar\u00eda Eugenia Vidal al la Legislatura provincial. La gobernadora Vidal [&hellip;]<\/p>\n","protected":false},"author":4,"featured_media":8652,"comment_status":"open","ping_status":"closed","sticky":false,"template":"","format":"standard","meta":{"om_disable_all_campaigns":false,"_jetpack_memberships_contains_paid_content":false,"footnotes":""},"categories":[101,2],"tags":[],"class_list":["post-8651","post","type-post","status-publish","format-standard","has-post-thumbnail","hentry","category-interes-general-locales","category-locales"],"aioseo_notices":[],"gutentor_comment":0,"jetpack_featured_media_url":"https:\/\/eldiariodesanpedro.com.ar\/sitio\/wp-content\/uploads\/2016\/10\/083e099e8237a4ebea0fcd926d2826b8.jpg","jetpack_shortlink":"https:\/\/wp.me\/p6RhLt-2fx","jetpack_sharing_enabled":true,"_links":{"self":[{"href":"https:\/\/eldiariodesanpedro.com.ar\/sitio\/wp-json\/wp\/v2\/posts\/8651","targetHints":{"allow":["GET"]}}],"collection":[{"href":"https:\/\/eldiariodesanpedro.com.ar\/sitio\/wp-json\/wp\/v2\/posts"}],"about":[{"href":"https:\/\/eldiariodesanpedro.com.ar\/sitio\/wp-json\/wp\/v2\/types\/post"}],"author":[{"embeddable":true,"href":"https:\/\/eldiariodesanpedro.com.ar\/sitio\/wp-json\/wp\/v2\/users\/4"}],"replies":[{"embeddable":true,"href":"https:\/\/eldiariodesanpedro.com.ar\/sitio\/wp-json\/wp\/v2\/comments?post=8651"}],"version-history":[{"count":1,"href":"https:\/\/eldiariodesanpedro.com.ar\/sitio\/wp-json\/wp\/v2\/posts\/8651\/revisions"}],"predecessor-version":[{"id":8653,"href":"https:\/\/eldiariodesanpedro.com.ar\/sitio\/wp-json\/wp\/v2\/posts\/8651\/revisions\/8653"}],"wp:featuredmedia":[{"embeddable":true,"href":"https:\/\/eldiariodesanpedro.com.ar\/sitio\/wp-json\/wp\/v2\/media\/8652"}],"wp:attachment":[{"href":"https:\/\/eldiariodesanpedro.com.ar\/sitio\/wp-json\/wp\/v2\/media?parent=8651"}],"wp:term":[{"taxonomy":"category","embeddable":true,"href":"https:\/\/eldiariodesanpedro.com.ar\/sitio\/wp-json\/wp\/v2\/categories?post=8651"},{"taxonomy":"post_tag","embeddable":true,"href":"https:\/\/eldiariodesanpedro.com.ar\/sitio\/wp-json\/wp\/v2\/tags?post=8651"}],"curies":[{"name":"wp","href":"https:\/\/api.w.org\/{rel}","templated":true}]}}