{"id":8648,"date":"2016-10-07T19:15:36","date_gmt":"2016-10-07T22:15:36","guid":{"rendered":"https:\/\/eldiariodesanpedro.com.ar\/sitio\/?p=8648"},"modified":"2016-10-07T19:15:36","modified_gmt":"2016-10-07T22:15:36","slug":"capacitacion-en-seguridad-vial","status":"publish","type":"post","link":"https:\/\/eldiariodesanpedro.com.ar\/sitio\/capacitacion-en-seguridad-vial\/","title":{"rendered":"Capacitaci\u00f3n en Seguridad Vial"},"content":{"rendered":"<p><!-- VideographyWP Plugin Message: Automatic video embedding prevented by plugin options. --><br \/>\nEl director de Tr\u00e1nsito, \u00c1ngel Burgos, y el Juez de Faltas, Fabi\u00e1n Rodr\u00edguez, participaron este mi\u00e9rcoles de un congreso sobre Seguridad Vial que se desarroll\u00f3 en el Municipio de Tigre. \u201cEstamos muy contentos, hemos aprendido mucho y lo vamos a implementar en San Pedro\u201d, dijo Burgos al regresar.<\/p>\n","protected":false},"excerpt":{"rendered":"<p>El director de Tr\u00e1nsito, \u00c1ngel Burgos, y el Juez de Faltas, Fabi\u00e1n Rodr\u00edguez, participaron este mi\u00e9rcoles de un congreso sobre Seguridad Vial que se desarroll\u00f3 en el Municipio de Tigre. \u201cEstamos muy contentos, hemos aprendido mucho y lo vamos a implementar en San Pedro\u201d, dijo Burgos al regresar.<\/p>\n","protected":false},"author":4,"featured_media":8649,"comment_status":"open","ping_status":"closed","sticky":false,"template":"","format":"standard","meta":{"om_disable_all_campaigns":false,"_jetpack_memberships_contains_paid_content":false,"footnotes":""},"categories":[101,2],"tags":[],"class_list":["post-8648","post","type-post","status-publish","format-standard","has-post-thumbnail","hentry","category-interes-general-locales","category-locales"],"aioseo_notices":[],"gutentor_comment":0,"jetpack_featured_media_url":"https:\/\/eldiariodesanpedro.com.ar\/sitio\/wp-content\/uploads\/2016\/10\/PAGINA-6-4.jpg","jetpack_shortlink":"https:\/\/wp.me\/p6RhLt-2fu","jetpack_sharing_enabled":true,"_links":{"self":[{"href":"https:\/\/eldiariodesanpedro.com.ar\/sitio\/wp-json\/wp\/v2\/posts\/8648","targetHints":{"allow":["GET"]}}],"collection":[{"href":"https:\/\/eldiariodesanpedro.com.ar\/sitio\/wp-json\/wp\/v2\/posts"}],"about":[{"href":"https:\/\/eldiariodesanpedro.com.ar\/sitio\/wp-json\/wp\/v2\/types\/post"}],"author":[{"embeddable":true,"href":"https:\/\/eldiariodesanpedro.com.ar\/sitio\/wp-json\/wp\/v2\/users\/4"}],"replies":[{"embeddable":true,"href":"https:\/\/eldiariodesanpedro.com.ar\/sitio\/wp-json\/wp\/v2\/comments?post=8648"}],"version-history":[{"count":1,"href":"https:\/\/eldiariodesanpedro.com.ar\/sitio\/wp-json\/wp\/v2\/posts\/8648\/revisions"}],"predecessor-version":[{"id":8650,"href":"https:\/\/eldiariodesanpedro.com.ar\/sitio\/wp-json\/wp\/v2\/posts\/8648\/revisions\/8650"}],"wp:featuredmedia":[{"embeddable":true,"href":"https:\/\/eldiariodesanpedro.com.ar\/sitio\/wp-json\/wp\/v2\/media\/8649"}],"wp:attachment":[{"href":"https:\/\/eldiariodesanpedro.com.ar\/sitio\/wp-json\/wp\/v2\/media?parent=8648"}],"wp:term":[{"taxonomy":"category","embeddable":true,"href":"https:\/\/eldiariodesanpedro.com.ar\/sitio\/wp-json\/wp\/v2\/categories?post=8648"},{"taxonomy":"post_tag","embeddable":true,"href":"https:\/\/eldiariodesanpedro.com.ar\/sitio\/wp-json\/wp\/v2\/tags?post=8648"}],"curies":[{"name":"wp","href":"https:\/\/api.w.org\/{rel}","templated":true}]}}