{"id":86446,"date":"2021-01-22T22:09:32","date_gmt":"2021-01-23T01:09:32","guid":{"rendered":"https:\/\/eldiariodesanpedro.com.ar\/sitio\/?p=86446"},"modified":"2021-01-22T22:09:33","modified_gmt":"2021-01-23T01:09:33","slug":"drogas-ilicitas-y-crimen-organizado-de-san-nicolas-realizaron-6-allanamientos-en-san-pedro","status":"publish","type":"post","link":"https:\/\/eldiariodesanpedro.com.ar\/sitio\/drogas-ilicitas-y-crimen-organizado-de-san-nicolas-realizaron-6-allanamientos-en-san-pedro\/","title":{"rendered":"Drogas Ilicitas y Crimen Organizado de San Nicol\u00e1s realizaron 6 allanamientos en San Pedro"},"content":{"rendered":"<!-- VideographyWP Plugin Message: Automatic video embedding prevented by plugin options. -->\n\n<p>En el d\u00eda de la fecha, alrededor de las 14:30 hs el personal de la Delegaci\u00f3n Departamental de Investigaciones del Tr\u00e1fico de Drogas Ilicitas y Crimen Organizado, San Nicol\u00e1s, por orden del Juzgado de Garantias Nro 3, Dptal, realiz\u00f3 6 allanamientos en el marco de investigaci\u00f3n llevada adelante por la Dra Viviana Ramos, titular de la UFI Nro 11, San Pedro. <\/p>\n\n\n\n<p>Uno de ellos se realiz\u00f3 en barrio La Esperanza, en cercan\u00edas a la Cl\u00ednica Privada SADIV, dos en barrio pr\u00f3ximo al reconocido local comercial \u00abCocina Abierta 505\u00bb, otro en barrio Paran\u00e1, uno en bajada al viejo balneario municipal y el \u00faltimo en Hostel ubicado frente al edificio de la Direcci\u00f3n de Cultura, en pleno centro de la ciudad. <\/p>\n\n\n\n<p>Como resultado se secuestraron 4 tel\u00e9fonos celulares, 2 armas de fuego tipo escopetas, ambas calibre 16, 24 cartuchos intactos del mismo calibre, 5 calibre 36 y 410 grs de marihuana, adem\u00e1s dos masculinos, uno de 25 y otro de 34 a\u00f1os de edad fueron puestos a disposici\u00f3n de la justicia por el delito de \u00abPortaci\u00f3n ilegal de arma de guerra y tenencia de estupefacientes\u00bb.<\/p>\n","protected":false},"excerpt":{"rendered":"<p>En el d\u00eda de la fecha, alrededor de las 14:30 hs el personal de la Delegaci\u00f3n Departamental de Investigaciones del Tr\u00e1fico de Drogas Ilicitas y Crimen Organizado, San Nicol\u00e1s, por orden del Juzgado de Garantias Nro 3, Dptal, realiz\u00f3 6 allanamientos en el marco de investigaci\u00f3n llevada adelante por la Dra Viviana Ramos, titular de [&hellip;]<\/p>\n","protected":false},"author":4,"featured_media":86447,"comment_status":"open","ping_status":"closed","sticky":false,"template":"","format":"standard","meta":{"om_disable_all_campaigns":false,"_jetpack_memberships_contains_paid_content":false,"footnotes":""},"categories":[50,2,103],"tags":[],"class_list":["post-86446","post","type-post","status-publish","format-standard","has-post-thumbnail","hentry","category-destacadas","category-locales","category-policiales-locales"],"aioseo_notices":[],"gutentor_comment":0,"jetpack_featured_media_url":"https:\/\/eldiariodesanpedro.com.ar\/sitio\/wp-content\/uploads\/2021\/01\/WhatsApp-Image-2021-01-22-at-21.18.27.jpeg","jetpack_shortlink":"https:\/\/wp.me\/p6RhLt-mui","jetpack_sharing_enabled":true,"_links":{"self":[{"href":"https:\/\/eldiariodesanpedro.com.ar\/sitio\/wp-json\/wp\/v2\/posts\/86446","targetHints":{"allow":["GET"]}}],"collection":[{"href":"https:\/\/eldiariodesanpedro.com.ar\/sitio\/wp-json\/wp\/v2\/posts"}],"about":[{"href":"https:\/\/eldiariodesanpedro.com.ar\/sitio\/wp-json\/wp\/v2\/types\/post"}],"author":[{"embeddable":true,"href":"https:\/\/eldiariodesanpedro.com.ar\/sitio\/wp-json\/wp\/v2\/users\/4"}],"replies":[{"embeddable":true,"href":"https:\/\/eldiariodesanpedro.com.ar\/sitio\/wp-json\/wp\/v2\/comments?post=86446"}],"version-history":[{"count":1,"href":"https:\/\/eldiariodesanpedro.com.ar\/sitio\/wp-json\/wp\/v2\/posts\/86446\/revisions"}],"predecessor-version":[{"id":86448,"href":"https:\/\/eldiariodesanpedro.com.ar\/sitio\/wp-json\/wp\/v2\/posts\/86446\/revisions\/86448"}],"wp:featuredmedia":[{"embeddable":true,"href":"https:\/\/eldiariodesanpedro.com.ar\/sitio\/wp-json\/wp\/v2\/media\/86447"}],"wp:attachment":[{"href":"https:\/\/eldiariodesanpedro.com.ar\/sitio\/wp-json\/wp\/v2\/media?parent=86446"}],"wp:term":[{"taxonomy":"category","embeddable":true,"href":"https:\/\/eldiariodesanpedro.com.ar\/sitio\/wp-json\/wp\/v2\/categories?post=86446"},{"taxonomy":"post_tag","embeddable":true,"href":"https:\/\/eldiariodesanpedro.com.ar\/sitio\/wp-json\/wp\/v2\/tags?post=86446"}],"curies":[{"name":"wp","href":"https:\/\/api.w.org\/{rel}","templated":true}]}}