{"id":86443,"date":"2021-01-22T20:45:12","date_gmt":"2021-01-22T23:45:12","guid":{"rendered":"https:\/\/eldiariodesanpedro.com.ar\/sitio\/?p=86443"},"modified":"2021-01-22T20:45:16","modified_gmt":"2021-01-22T23:45:16","slug":"juan-bronce-renuncio-a-su-cargo-en-el-corralon-municipal","status":"publish","type":"post","link":"https:\/\/eldiariodesanpedro.com.ar\/sitio\/juan-bronce-renuncio-a-su-cargo-en-el-corralon-municipal\/","title":{"rendered":"Juan Bronce renuncio a su cargo en el corral\u00f3n municipal"},"content":{"rendered":"<!-- VideographyWP Plugin Message: Automatic video embedding prevented by plugin options. -->\n\n<p>El funcionario que ven\u00eda desempe\u00f1\u00e1ndose en el \u00e1rea desde hac\u00eda muchos a\u00f1os, dejar\u00e1 el puesto oficialmente desde el lunes y ser\u00e1 reemplazado interinamente por Mart\u00edn Noseda.<\/p>\n\n\n\n<p>El Director de Servicios P\u00fablicos Juan Bronce present\u00f3 su renuncia al cargo luego de que el Secretario de Coordinaci\u00f3n Ram\u00f3n Salazar se lo solicitara por medio de Ariel \u00c1lvarez, Secretario de Servicios P\u00fablicos.<\/p>\n\n\n\n<p>Algunos desacoples y un reordenamiento en el \u00e1rea fue lo que motiv\u00f3 que Salazar le solicitara a Bronce que deje su puesto.<\/p>\n\n\n\n<p>El ahora ex Director, quien seguir\u00e1 cumpliendo funciones como trabajador municipal, es hijo del querido y respetado Domingo Bronce, fallecido hace pocos meses tras contraer covid, mientras se desempe\u00f1aba como delegado municipal de R\u00edo Tala. A Juan Bronce le hab\u00edan ofrecido asumir el cargo que ten\u00eda su padre pero no lo acept\u00f3 cuando en esa etapa aparec\u00eda como una de las pocas opciones para desempe\u00f1arse all\u00ed. &nbsp;<\/p>\n\n\n\n<p>El propio Ariel Alvarez confirm\u00f3 a este medio que ser\u00e1 Mart\u00edn Noseda quien ocupe el lugar interinamente. \u00a0<\/p>\n\n\n\n<p>Fuente: San Pedro Informa<\/p>\n","protected":false},"excerpt":{"rendered":"<p>El funcionario que ven\u00eda desempe\u00f1\u00e1ndose en el \u00e1rea desde hac\u00eda muchos a\u00f1os, dejar\u00e1 el puesto oficialmente desde el lunes y ser\u00e1 reemplazado interinamente por Mart\u00edn Noseda. El Director de Servicios P\u00fablicos Juan Bronce present\u00f3 su renuncia al cargo luego de que el Secretario de Coordinaci\u00f3n Ram\u00f3n Salazar se lo solicitara por medio de Ariel \u00c1lvarez, [&hellip;]<\/p>\n","protected":false},"author":4,"featured_media":86444,"comment_status":"open","ping_status":"closed","sticky":false,"template":"","format":"standard","meta":{"om_disable_all_campaigns":false,"_jetpack_memberships_contains_paid_content":false,"footnotes":""},"categories":[101,2],"tags":[],"class_list":["post-86443","post","type-post","status-publish","format-standard","has-post-thumbnail","hentry","category-interes-general-locales","category-locales"],"aioseo_notices":[],"gutentor_comment":0,"jetpack_featured_media_url":"https:\/\/eldiariodesanpedro.com.ar\/sitio\/wp-content\/uploads\/2021\/01\/140324229_1904296193042202_999378307278530217_n.jpg","jetpack_shortlink":"https:\/\/wp.me\/p6RhLt-muf","jetpack_sharing_enabled":true,"_links":{"self":[{"href":"https:\/\/eldiariodesanpedro.com.ar\/sitio\/wp-json\/wp\/v2\/posts\/86443","targetHints":{"allow":["GET"]}}],"collection":[{"href":"https:\/\/eldiariodesanpedro.com.ar\/sitio\/wp-json\/wp\/v2\/posts"}],"about":[{"href":"https:\/\/eldiariodesanpedro.com.ar\/sitio\/wp-json\/wp\/v2\/types\/post"}],"author":[{"embeddable":true,"href":"https:\/\/eldiariodesanpedro.com.ar\/sitio\/wp-json\/wp\/v2\/users\/4"}],"replies":[{"embeddable":true,"href":"https:\/\/eldiariodesanpedro.com.ar\/sitio\/wp-json\/wp\/v2\/comments?post=86443"}],"version-history":[{"count":1,"href":"https:\/\/eldiariodesanpedro.com.ar\/sitio\/wp-json\/wp\/v2\/posts\/86443\/revisions"}],"predecessor-version":[{"id":86445,"href":"https:\/\/eldiariodesanpedro.com.ar\/sitio\/wp-json\/wp\/v2\/posts\/86443\/revisions\/86445"}],"wp:featuredmedia":[{"embeddable":true,"href":"https:\/\/eldiariodesanpedro.com.ar\/sitio\/wp-json\/wp\/v2\/media\/86444"}],"wp:attachment":[{"href":"https:\/\/eldiariodesanpedro.com.ar\/sitio\/wp-json\/wp\/v2\/media?parent=86443"}],"wp:term":[{"taxonomy":"category","embeddable":true,"href":"https:\/\/eldiariodesanpedro.com.ar\/sitio\/wp-json\/wp\/v2\/categories?post=86443"},{"taxonomy":"post_tag","embeddable":true,"href":"https:\/\/eldiariodesanpedro.com.ar\/sitio\/wp-json\/wp\/v2\/tags?post=86443"}],"curies":[{"name":"wp","href":"https:\/\/api.w.org\/{rel}","templated":true}]}}