{"id":86438,"date":"2021-01-22T20:41:08","date_gmt":"2021-01-22T23:41:08","guid":{"rendered":"https:\/\/eldiariodesanpedro.com.ar\/sitio\/?p=86438"},"modified":"2021-01-22T20:41:12","modified_gmt":"2021-01-22T23:41:12","slug":"visita-a-montes-de-limones-bajo-cubierta-de-morresi-fruit","status":"publish","type":"post","link":"https:\/\/eldiariodesanpedro.com.ar\/sitio\/visita-a-montes-de-limones-bajo-cubierta-de-morresi-fruit\/","title":{"rendered":"Visita a montes de limones bajo cubierta de Morresi Fruit"},"content":{"rendered":"<!-- VideographyWP Plugin Message: Automatic video embedding prevented by plugin options. -->\n\n<p>El Secretario de Coordinaci\u00f3n Ram\u00f3n Salazar, la Secretaria de Turismo (a cargo de la Secretar\u00eda de Desarrollo Econ\u00f3mico) Marcela Cu\u00f1er y el Coordinador de Producci\u00f3n Hugo Ram\u00edrez visitaron uno de los campos de la firma Morresi Fruit, que atraviesa un momento muy importante en cuanto al desarrollo de su producci\u00f3n con una inversi\u00f3n orientada a mejorar su calidad.<\/p>\n\n\n\n<p>Federico Morresi, uno de los responsables de la empresa acompa\u00f1\u00f3 un recorrido por las 20 hect\u00e1reas de limones que producen bajo una malla antihelada y antigranizo, brind\u00e1ndoles la posibilidad de proteger la fruta m\u00e1s all\u00e1 de las contingencias clim\u00e1ticas.<\/p>\n\n\n\n<p>Morresi Fruit es una firma que produce en San Pedro y en Entre R\u00edos, empaca en una planta en nuestra ciudad y opera en el mercado interno y externo con excelentes est\u00e1ndares de calidad.<\/p>\n\n\n\n<p>Desde el gobierno municipal y las \u00e1reas que tienen directa vinculaci\u00f3n con la producci\u00f3n se mantiene un estrecho v\u00ednculo con todos los productores de la zona para acompa\u00f1ar a quienes siguen apostando y generando fuentes de trabajo y movimiento econ\u00f3mico en la regi\u00f3n.<\/p>\n\n\n\n<figure class=\"wp-block-image size-large\"><img decoding=\"async\" width=\"682\" height=\"1024\" data-attachment-id=\"86441\" data-permalink=\"https:\/\/eldiariodesanpedro.com.ar\/sitio\/visita-a-montes-de-limones-bajo-cubierta-de-morresi-fruit\/whatsapp-image-2021-01-22-at-19-49-44-3\/\" data-orig-file=\"https:\/\/eldiariodesanpedro.com.ar\/sitio\/wp-content\/uploads\/2021\/01\/WhatsApp-Image-2021-01-22-at-19.49.44-3.jpeg\" data-orig-size=\"853,1280\" data-comments-opened=\"1\" data-image-meta=\"{&quot;aperture&quot;:&quot;0&quot;,&quot;credit&quot;:&quot;&quot;,&quot;camera&quot;:&quot;&quot;,&quot;caption&quot;:&quot;&quot;,&quot;created_timestamp&quot;:&quot;0&quot;,&quot;copyright&quot;:&quot;&quot;,&quot;focal_length&quot;:&quot;0&quot;,&quot;iso&quot;:&quot;0&quot;,&quot;shutter_speed&quot;:&quot;0&quot;,&quot;title&quot;:&quot;&quot;,&quot;orientation&quot;:&quot;0&quot;}\" data-image-title=\"WhatsApp Image 2021-01-22 at 19.49.44 (3)\" data-image-description=\"\" data-image-caption=\"\" data-large-file=\"https:\/\/eldiariodesanpedro.com.ar\/sitio\/wp-content\/uploads\/2021\/01\/WhatsApp-Image-2021-01-22-at-19.49.44-3-682x1024.jpeg\" data-src=\"https:\/\/eldiariodesanpedro.com.ar\/sitio\/wp-content\/uploads\/2021\/01\/WhatsApp-Image-2021-01-22-at-19.49.44-3-682x1024.jpeg\" alt=\"\" class=\"wp-image-86441 lazyload\" data-srcset=\"https:\/\/eldiariodesanpedro.com.ar\/sitio\/wp-content\/uploads\/2021\/01\/WhatsApp-Image-2021-01-22-at-19.49.44-3-682x1024.jpeg 682w, https:\/\/eldiariodesanpedro.com.ar\/sitio\/wp-content\/uploads\/2021\/01\/WhatsApp-Image-2021-01-22-at-19.49.44-3-200x300.jpeg 200w, https:\/\/eldiariodesanpedro.com.ar\/sitio\/wp-content\/uploads\/2021\/01\/WhatsApp-Image-2021-01-22-at-19.49.44-3-768x1152.jpeg 768w, https:\/\/eldiariodesanpedro.com.ar\/sitio\/wp-content\/uploads\/2021\/01\/WhatsApp-Image-2021-01-22-at-19.49.44-3.jpeg 853w\" data-sizes=\"(max-width: 682px) 100vw, 682px\" src=\"data:image\/svg+xml;base64,PHN2ZyB3aWR0aD0iMSIgaGVpZ2h0PSIxIiB4bWxucz0iaHR0cDovL3d3dy53My5vcmcvMjAwMC9zdmciPjwvc3ZnPg==\" style=\"--smush-placeholder-width: 682px; --smush-placeholder-aspect-ratio: 682\/1024;\" \/><\/figure>\n\n\n\n<figure class=\"wp-block-image size-large\"><img decoding=\"async\" width=\"1024\" height=\"682\" data-attachment-id=\"86439\" data-permalink=\"https:\/\/eldiariodesanpedro.com.ar\/sitio\/visita-a-montes-de-limones-bajo-cubierta-de-morresi-fruit\/whatsapp-image-2021-01-22-at-19-49-43-1\/\" data-orig-file=\"https:\/\/eldiariodesanpedro.com.ar\/sitio\/wp-content\/uploads\/2021\/01\/WhatsApp-Image-2021-01-22-at-19.49.43-1.jpeg\" data-orig-size=\"1280,853\" data-comments-opened=\"1\" data-image-meta=\"{&quot;aperture&quot;:&quot;0&quot;,&quot;credit&quot;:&quot;&quot;,&quot;camera&quot;:&quot;&quot;,&quot;caption&quot;:&quot;&quot;,&quot;created_timestamp&quot;:&quot;0&quot;,&quot;copyright&quot;:&quot;&quot;,&quot;focal_length&quot;:&quot;0&quot;,&quot;iso&quot;:&quot;0&quot;,&quot;shutter_speed&quot;:&quot;0&quot;,&quot;title&quot;:&quot;&quot;,&quot;orientation&quot;:&quot;0&quot;}\" data-image-title=\"WhatsApp Image 2021-01-22 at 19.49.43 (1)\" data-image-description=\"\" data-image-caption=\"\" data-large-file=\"https:\/\/eldiariodesanpedro.com.ar\/sitio\/wp-content\/uploads\/2021\/01\/WhatsApp-Image-2021-01-22-at-19.49.43-1-1024x682.jpeg\" data-src=\"https:\/\/eldiariodesanpedro.com.ar\/sitio\/wp-content\/uploads\/2021\/01\/WhatsApp-Image-2021-01-22-at-19.49.43-1-1024x682.jpeg\" alt=\"\" class=\"wp-image-86439 lazyload\" data-srcset=\"https:\/\/eldiariodesanpedro.com.ar\/sitio\/wp-content\/uploads\/2021\/01\/WhatsApp-Image-2021-01-22-at-19.49.43-1-1024x682.jpeg 1024w, https:\/\/eldiariodesanpedro.com.ar\/sitio\/wp-content\/uploads\/2021\/01\/WhatsApp-Image-2021-01-22-at-19.49.43-1-300x200.jpeg 300w, https:\/\/eldiariodesanpedro.com.ar\/sitio\/wp-content\/uploads\/2021\/01\/WhatsApp-Image-2021-01-22-at-19.49.43-1-768x512.jpeg 768w, https:\/\/eldiariodesanpedro.com.ar\/sitio\/wp-content\/uploads\/2021\/01\/WhatsApp-Image-2021-01-22-at-19.49.43-1.jpeg 1280w\" data-sizes=\"(max-width: 1024px) 100vw, 1024px\" src=\"data:image\/svg+xml;base64,PHN2ZyB3aWR0aD0iMSIgaGVpZ2h0PSIxIiB4bWxucz0iaHR0cDovL3d3dy53My5vcmcvMjAwMC9zdmciPjwvc3ZnPg==\" style=\"--smush-placeholder-width: 1024px; --smush-placeholder-aspect-ratio: 1024\/682;\" \/><\/figure>\n","protected":false},"excerpt":{"rendered":"<p>El Secretario de Coordinaci\u00f3n Ram\u00f3n Salazar, la Secretaria de Turismo (a cargo de la Secretar\u00eda de Desarrollo Econ\u00f3mico) Marcela Cu\u00f1er y el Coordinador de Producci\u00f3n Hugo Ram\u00edrez visitaron uno de los campos de la firma Morresi Fruit, que atraviesa un momento muy importante en cuanto al desarrollo de su producci\u00f3n con una inversi\u00f3n orientada a [&hellip;]<\/p>\n","protected":false},"author":4,"featured_media":86440,"comment_status":"open","ping_status":"closed","sticky":false,"template":"","format":"standard","meta":{"om_disable_all_campaigns":false,"_jetpack_memberships_contains_paid_content":false,"footnotes":""},"categories":[101,2],"tags":[],"class_list":["post-86438","post","type-post","status-publish","format-standard","has-post-thumbnail","hentry","category-interes-general-locales","category-locales"],"aioseo_notices":[],"gutentor_comment":0,"jetpack_featured_media_url":"https:\/\/eldiariodesanpedro.com.ar\/sitio\/wp-content\/uploads\/2021\/01\/WhatsApp-Image-2021-01-22-at-19.49.43-2.jpeg","jetpack_shortlink":"https:\/\/wp.me\/p6RhLt-mua","jetpack_sharing_enabled":true,"_links":{"self":[{"href":"https:\/\/eldiariodesanpedro.com.ar\/sitio\/wp-json\/wp\/v2\/posts\/86438","targetHints":{"allow":["GET"]}}],"collection":[{"href":"https:\/\/eldiariodesanpedro.com.ar\/sitio\/wp-json\/wp\/v2\/posts"}],"about":[{"href":"https:\/\/eldiariodesanpedro.com.ar\/sitio\/wp-json\/wp\/v2\/types\/post"}],"author":[{"embeddable":true,"href":"https:\/\/eldiariodesanpedro.com.ar\/sitio\/wp-json\/wp\/v2\/users\/4"}],"replies":[{"embeddable":true,"href":"https:\/\/eldiariodesanpedro.com.ar\/sitio\/wp-json\/wp\/v2\/comments?post=86438"}],"version-history":[{"count":1,"href":"https:\/\/eldiariodesanpedro.com.ar\/sitio\/wp-json\/wp\/v2\/posts\/86438\/revisions"}],"predecessor-version":[{"id":86442,"href":"https:\/\/eldiariodesanpedro.com.ar\/sitio\/wp-json\/wp\/v2\/posts\/86438\/revisions\/86442"}],"wp:featuredmedia":[{"embeddable":true,"href":"https:\/\/eldiariodesanpedro.com.ar\/sitio\/wp-json\/wp\/v2\/media\/86440"}],"wp:attachment":[{"href":"https:\/\/eldiariodesanpedro.com.ar\/sitio\/wp-json\/wp\/v2\/media?parent=86438"}],"wp:term":[{"taxonomy":"category","embeddable":true,"href":"https:\/\/eldiariodesanpedro.com.ar\/sitio\/wp-json\/wp\/v2\/categories?post=86438"},{"taxonomy":"post_tag","embeddable":true,"href":"https:\/\/eldiariodesanpedro.com.ar\/sitio\/wp-json\/wp\/v2\/tags?post=86438"}],"curies":[{"name":"wp","href":"https:\/\/api.w.org\/{rel}","templated":true}]}}