{"id":86436,"date":"2021-01-22T19:02:27","date_gmt":"2021-01-22T22:02:27","guid":{"rendered":"https:\/\/eldiariodesanpedro.com.ar\/sitio\/?p=86436"},"modified":"2021-01-22T19:02:30","modified_gmt":"2021-01-22T22:02:30","slug":"manana-sabado-llega-un-nuevo-lote-de-vacunas-sputnik-v-a-san-pedro","status":"publish","type":"post","link":"https:\/\/eldiariodesanpedro.com.ar\/sitio\/manana-sabado-llega-un-nuevo-lote-de-vacunas-sputnik-v-a-san-pedro\/","title":{"rendered":"Ma\u00f1ana S\u00e1bado llega un nuevo lote de vacunas Sputnik V a San Pedro"},"content":{"rendered":"<!-- VideographyWP Plugin Message: Automatic video embedding prevented by plugin options. -->\n\n<p>La Municipalidad de San Pedro informa que desde el Ministerio de Seguridad de la Provincia de Buenos Aires se ha solicitado a la Jefatura Comunal de San Pedro, a la trav\u00e9s de la Orden de Servicio 11\/2021, la presencia de personal policial para acompa\u00f1ar este s\u00e1bado 23 de enero a un transporte que trasladar\u00e1 a nuestra ciudad un nuevo lote de \u00abprimeras dosis\u00bb para la continuidad del plan de vacunaci\u00f3n de Covid-19 asignado a nuestro distrito.<\/p>\n\n\n\n<p>El m\u00f3vil policial deber\u00e1 estar en el dep\u00f3sito general del Correo Argentino en Tortuguitas a las 5 AM para luego trasladar hasta el Hospital Emilio Ruffa las vacunas, en un procedimiento similar a los anteriores.<\/p>\n\n\n\n<p>En este caso el operativo convocado con fines de vigilancia y acompa\u00f1amiento de transporte llegar\u00e1 primero al Hospital Subzonal General Dr. E. Ruffa de San Pedro y luego continuar\u00e1 al Hospital \u201cSan Felipe\u201d de San Nicol\u00e1s y al Hospital \u201cSan Jos\u00e9\u201d de Pergamino.<\/p>\n","protected":false},"excerpt":{"rendered":"<p>La Municipalidad de San Pedro informa que desde el Ministerio de Seguridad de la Provincia de Buenos Aires se ha solicitado a la Jefatura Comunal de San Pedro, a la trav\u00e9s de la Orden de Servicio 11\/2021, la presencia de personal policial para acompa\u00f1ar este s\u00e1bado 23 de enero a un transporte que trasladar\u00e1 a [&hellip;]<\/p>\n","protected":false},"author":4,"featured_media":85278,"comment_status":"open","ping_status":"closed","sticky":false,"template":"","format":"standard","meta":{"om_disable_all_campaigns":false,"_jetpack_memberships_contains_paid_content":false,"footnotes":""},"categories":[50,101,2],"tags":[],"class_list":["post-86436","post","type-post","status-publish","format-standard","has-post-thumbnail","hentry","category-destacadas","category-interes-general-locales","category-locales"],"aioseo_notices":[],"gutentor_comment":0,"jetpack_featured_media_url":"https:\/\/eldiariodesanpedro.com.ar\/sitio\/wp-content\/uploads\/2021\/01\/IMG-20210104-WA0041.jpg","jetpack_shortlink":"https:\/\/wp.me\/p6RhLt-mu8","jetpack_sharing_enabled":true,"_links":{"self":[{"href":"https:\/\/eldiariodesanpedro.com.ar\/sitio\/wp-json\/wp\/v2\/posts\/86436","targetHints":{"allow":["GET"]}}],"collection":[{"href":"https:\/\/eldiariodesanpedro.com.ar\/sitio\/wp-json\/wp\/v2\/posts"}],"about":[{"href":"https:\/\/eldiariodesanpedro.com.ar\/sitio\/wp-json\/wp\/v2\/types\/post"}],"author":[{"embeddable":true,"href":"https:\/\/eldiariodesanpedro.com.ar\/sitio\/wp-json\/wp\/v2\/users\/4"}],"replies":[{"embeddable":true,"href":"https:\/\/eldiariodesanpedro.com.ar\/sitio\/wp-json\/wp\/v2\/comments?post=86436"}],"version-history":[{"count":1,"href":"https:\/\/eldiariodesanpedro.com.ar\/sitio\/wp-json\/wp\/v2\/posts\/86436\/revisions"}],"predecessor-version":[{"id":86437,"href":"https:\/\/eldiariodesanpedro.com.ar\/sitio\/wp-json\/wp\/v2\/posts\/86436\/revisions\/86437"}],"wp:featuredmedia":[{"embeddable":true,"href":"https:\/\/eldiariodesanpedro.com.ar\/sitio\/wp-json\/wp\/v2\/media\/85278"}],"wp:attachment":[{"href":"https:\/\/eldiariodesanpedro.com.ar\/sitio\/wp-json\/wp\/v2\/media?parent=86436"}],"wp:term":[{"taxonomy":"category","embeddable":true,"href":"https:\/\/eldiariodesanpedro.com.ar\/sitio\/wp-json\/wp\/v2\/categories?post=86436"},{"taxonomy":"post_tag","embeddable":true,"href":"https:\/\/eldiariodesanpedro.com.ar\/sitio\/wp-json\/wp\/v2\/tags?post=86436"}],"curies":[{"name":"wp","href":"https:\/\/api.w.org\/{rel}","templated":true}]}}