{"id":86431,"date":"2021-01-22T17:12:48","date_gmt":"2021-01-22T20:12:48","guid":{"rendered":"https:\/\/eldiariodesanpedro.com.ar\/sitio\/?p=86431"},"modified":"2021-01-22T17:12:49","modified_gmt":"2021-01-22T20:12:49","slug":"renuncio-el-secretario-de-salud-guillermo-sancho-y-seria-por-la-ley-del-aborto","status":"publish","type":"post","link":"https:\/\/eldiariodesanpedro.com.ar\/sitio\/renuncio-el-secretario-de-salud-guillermo-sancho-y-seria-por-la-ley-del-aborto\/","title":{"rendered":"Renuncio el Secretario de Salud Guillermo Sancho y seria por la ley del Aborto"},"content":{"rendered":"<!-- VideographyWP Plugin Message: Automatic video embedding prevented by plugin options. -->\n\n<p>El profesional present\u00f3 una nota en la mesa de entrada y lo hizo p\u00fablico a trav\u00e9s de las redes sociales.<\/p>\n\n\n\n<p>El Dr. Guillermo Sancho present\u00f3 su renuncia al cargo de Secretario de Salud mediante una nota que present\u00f3 en el mediod\u00eda del viernes en mesa de entrada del municipio. A la vez hizo p\u00fablico los motivos en una extensa nota que escribi\u00f3 en su cuenta de facebook.<\/p>\n\n\n\n<p><em>\u00abEstimados vecinos, amigos y familia, en el d\u00eda de hoy presente mi renuncia indeclinable a partir del d\u00eda 31 de enero de 2021, al cargo de Secretario de Salud de la Municipalidad de San Pedro, cargo que ocupo desde 2018.<br>Ha sido para m\u00ed un honor que el se\u00f1or Intendente Cecilio Salazar me haya elegido para ocupar esta importante funci\u00f3n y haber podido ser parte de su equipo. Pero lamentablemente debo tomar esta decisi\u00f3n apoyado en mis m\u00e1s profundas convicciones.<br>La sanci\u00f3n de la ley 27.610 por parte del Congreso Nacional, y la gu\u00eda para la implementaci\u00f3n de esta ley en la Provincia de Buenos Aires, obliga a las autoridades del sistema p\u00fablico de salud a tomar medidas que son totalmente contradictorias con mi pensamiento y con el Juramento que hice como m\u00e9dico.<br>No debe entenderse esta renuncia como un acto de cuestionamiento a lo dispuesto por las autoridades nacionales y provinciales. Por el contrario, tomo esta decisi\u00f3n personal para no ser un obst\u00e1culo a la implementaci\u00f3n de lo que, en definitiva, es una Ley. Pero las circunstancias me obligan a poner por delante mis convicciones antes que mis obligaciones como funcionario.<br>Quiero agradecer profundamente a todo el equipo de salud tanto p\u00fablico como privado, me he sentido acompa\u00f1ado a lo largo de todo este tiempo, mi admiraci\u00f3n y respetos hacia todos ustedes.<br>Por \u00faltimo quiero resaltar mi agradecimiento hacia el Intendente y todo su equipo de gobierno por estos a\u00f1os de trabajo conjunto. Estoy convencido de que hemos logrado mejoras importantes para San Pedro. Y estoy seguro que su gesti\u00f3n seguir\u00e1 siendo exitosa y reconocida por todos nuestros vecinos.<br>Quedo a disposici\u00f3n para realizar ordenadamente la transici\u00f3n del \u00e1rea, as\u00ed como tambi\u00e9n para colaborar en la lucha contra la pandemia que, a mi entender, sigue siendo la prioridad en materia de salud p\u00fablica\u00bb.<\/em><\/p>\n","protected":false},"excerpt":{"rendered":"<p>El profesional present\u00f3 una nota en la mesa de entrada y lo hizo p\u00fablico a trav\u00e9s de las redes sociales. El Dr. Guillermo Sancho present\u00f3 su renuncia al cargo de Secretario de Salud mediante una nota que present\u00f3 en el mediod\u00eda del viernes en mesa de entrada del municipio. A la vez hizo p\u00fablico los [&hellip;]<\/p>\n","protected":false},"author":4,"featured_media":85334,"comment_status":"open","ping_status":"closed","sticky":false,"template":"","format":"standard","meta":{"om_disable_all_campaigns":false,"_jetpack_memberships_contains_paid_content":false,"footnotes":""},"categories":[50,101,2],"tags":[],"class_list":["post-86431","post","type-post","status-publish","format-standard","has-post-thumbnail","hentry","category-destacadas","category-interes-general-locales","category-locales"],"aioseo_notices":[],"gutentor_comment":0,"jetpack_featured_media_url":"https:\/\/eldiariodesanpedro.com.ar\/sitio\/wp-content\/uploads\/2021\/01\/IMG-20210104-WA0051.jpg","jetpack_shortlink":"https:\/\/wp.me\/p6RhLt-mu3","jetpack_sharing_enabled":true,"_links":{"self":[{"href":"https:\/\/eldiariodesanpedro.com.ar\/sitio\/wp-json\/wp\/v2\/posts\/86431","targetHints":{"allow":["GET"]}}],"collection":[{"href":"https:\/\/eldiariodesanpedro.com.ar\/sitio\/wp-json\/wp\/v2\/posts"}],"about":[{"href":"https:\/\/eldiariodesanpedro.com.ar\/sitio\/wp-json\/wp\/v2\/types\/post"}],"author":[{"embeddable":true,"href":"https:\/\/eldiariodesanpedro.com.ar\/sitio\/wp-json\/wp\/v2\/users\/4"}],"replies":[{"embeddable":true,"href":"https:\/\/eldiariodesanpedro.com.ar\/sitio\/wp-json\/wp\/v2\/comments?post=86431"}],"version-history":[{"count":1,"href":"https:\/\/eldiariodesanpedro.com.ar\/sitio\/wp-json\/wp\/v2\/posts\/86431\/revisions"}],"predecessor-version":[{"id":86432,"href":"https:\/\/eldiariodesanpedro.com.ar\/sitio\/wp-json\/wp\/v2\/posts\/86431\/revisions\/86432"}],"wp:featuredmedia":[{"embeddable":true,"href":"https:\/\/eldiariodesanpedro.com.ar\/sitio\/wp-json\/wp\/v2\/media\/85334"}],"wp:attachment":[{"href":"https:\/\/eldiariodesanpedro.com.ar\/sitio\/wp-json\/wp\/v2\/media?parent=86431"}],"wp:term":[{"taxonomy":"category","embeddable":true,"href":"https:\/\/eldiariodesanpedro.com.ar\/sitio\/wp-json\/wp\/v2\/categories?post=86431"},{"taxonomy":"post_tag","embeddable":true,"href":"https:\/\/eldiariodesanpedro.com.ar\/sitio\/wp-json\/wp\/v2\/tags?post=86431"}],"curies":[{"name":"wp","href":"https:\/\/api.w.org\/{rel}","templated":true}]}}