{"id":8643,"date":"2016-10-05T19:38:14","date_gmt":"2016-10-05T22:38:14","guid":{"rendered":"https:\/\/eldiariodesanpedro.com.ar\/sitio\/?p=8643"},"modified":"2016-10-05T19:38:14","modified_gmt":"2016-10-05T22:38:14","slug":"corte-promgramado-de-coopser","status":"publish","type":"post","link":"https:\/\/eldiariodesanpedro.com.ar\/sitio\/corte-promgramado-de-coopser\/","title":{"rendered":"Corte promgramado de COOPSER"},"content":{"rendered":"<p><!-- VideographyWP Plugin Message: Automatic video embedding prevented by plugin options. --><br \/>\nCoopser informa que el VIERNES 7 DE OCTUBRE en el horario de 8 a 10 de la ma\u00f1ana se producir\u00e1 un corte de energ\u00eda el\u00e9ctrica por tareas de reestructuraci\u00f3n y repotenciaci\u00f3n de una subestaci\u00f3n transformadora.<\/p>\n<p>El mismo comprender\u00e1:<br \/>\nBarrio Villa Igoillo entre calle Bonorino \/Molina y calle Sgto. Cabral\/Zanuccoli.<br \/>\nLoteo comprendido en la intersecci\u00f3n de Lucio Mansilla y Callej\u00f3n Pascual.<br \/>\nEn caso de mal tiempo se suspender\u00e1 hasta nuevo aviso.<\/p>\n","protected":false},"excerpt":{"rendered":"<p>Coopser informa que el VIERNES 7 DE OCTUBRE en el horario de 8 a 10 de la ma\u00f1ana se producir\u00e1 un corte de energ\u00eda el\u00e9ctrica por tareas de reestructuraci\u00f3n y repotenciaci\u00f3n de una subestaci\u00f3n transformadora. El mismo comprender\u00e1: Barrio Villa Igoillo entre calle Bonorino \/Molina y calle Sgto. Cabral\/Zanuccoli. Loteo comprendido en la intersecci\u00f3n de [&hellip;]<\/p>\n","protected":false},"author":4,"featured_media":2489,"comment_status":"open","ping_status":"closed","sticky":false,"template":"","format":"standard","meta":{"om_disable_all_campaigns":false,"_jetpack_memberships_contains_paid_content":false,"footnotes":""},"categories":[101,2],"tags":[],"class_list":["post-8643","post","type-post","status-publish","format-standard","has-post-thumbnail","hentry","category-interes-general-locales","category-locales"],"aioseo_notices":[],"gutentor_comment":0,"jetpack_featured_media_url":"https:\/\/eldiariodesanpedro.com.ar\/sitio\/wp-content\/uploads\/2016\/03\/COOPSER.jpg","jetpack_shortlink":"https:\/\/wp.me\/p6RhLt-2fp","jetpack_sharing_enabled":true,"_links":{"self":[{"href":"https:\/\/eldiariodesanpedro.com.ar\/sitio\/wp-json\/wp\/v2\/posts\/8643","targetHints":{"allow":["GET"]}}],"collection":[{"href":"https:\/\/eldiariodesanpedro.com.ar\/sitio\/wp-json\/wp\/v2\/posts"}],"about":[{"href":"https:\/\/eldiariodesanpedro.com.ar\/sitio\/wp-json\/wp\/v2\/types\/post"}],"author":[{"embeddable":true,"href":"https:\/\/eldiariodesanpedro.com.ar\/sitio\/wp-json\/wp\/v2\/users\/4"}],"replies":[{"embeddable":true,"href":"https:\/\/eldiariodesanpedro.com.ar\/sitio\/wp-json\/wp\/v2\/comments?post=8643"}],"version-history":[{"count":1,"href":"https:\/\/eldiariodesanpedro.com.ar\/sitio\/wp-json\/wp\/v2\/posts\/8643\/revisions"}],"predecessor-version":[{"id":8644,"href":"https:\/\/eldiariodesanpedro.com.ar\/sitio\/wp-json\/wp\/v2\/posts\/8643\/revisions\/8644"}],"wp:featuredmedia":[{"embeddable":true,"href":"https:\/\/eldiariodesanpedro.com.ar\/sitio\/wp-json\/wp\/v2\/media\/2489"}],"wp:attachment":[{"href":"https:\/\/eldiariodesanpedro.com.ar\/sitio\/wp-json\/wp\/v2\/media?parent=8643"}],"wp:term":[{"taxonomy":"category","embeddable":true,"href":"https:\/\/eldiariodesanpedro.com.ar\/sitio\/wp-json\/wp\/v2\/categories?post=8643"},{"taxonomy":"post_tag","embeddable":true,"href":"https:\/\/eldiariodesanpedro.com.ar\/sitio\/wp-json\/wp\/v2\/tags?post=8643"}],"curies":[{"name":"wp","href":"https:\/\/api.w.org\/{rel}","templated":true}]}}