{"id":86425,"date":"2021-01-22T12:27:49","date_gmt":"2021-01-22T15:27:49","guid":{"rendered":"https:\/\/eldiariodesanpedro.com.ar\/sitio\/?p=86425"},"modified":"2021-01-22T12:27:53","modified_gmt":"2021-01-22T15:27:53","slug":"incendio-en-el-basural-de-san-pedro","status":"publish","type":"post","link":"https:\/\/eldiariodesanpedro.com.ar\/sitio\/incendio-en-el-basural-de-san-pedro\/","title":{"rendered":"Incendio en el basural de San Pedro"},"content":{"rendered":"<!-- VideographyWP Plugin Message: Automatic video embedding prevented by plugin options. -->\n\n<p>Este viernes en las primeras horas del d\u00eda una dotaci\u00f3n de Bomberos Voluntarios se hizo presente en el Basural de San Pedro donde hubo un incendio entre los residuos.<\/p>\n\n\n\n<p>En el lugar se hizo presente una dotaci\u00f3n de Bomberos Voluntarios con colaboraci\u00f3n de maquinas de la empresa Boari para poder remover los residuos y de esa manera evitar la propagaci\u00f3n del fuego.<\/p>\n\n\n\n<p><\/p>\n","protected":false},"excerpt":{"rendered":"<p>Este viernes en las primeras horas del d\u00eda una dotaci\u00f3n de Bomberos Voluntarios se hizo presente en el Basural de San Pedro donde hubo un incendio entre los residuos. En el lugar se hizo presente una dotaci\u00f3n de Bomberos Voluntarios con colaboraci\u00f3n de maquinas de la empresa Boari para poder remover los residuos y de [&hellip;]<\/p>\n","protected":false},"author":4,"featured_media":86426,"comment_status":"open","ping_status":"closed","sticky":false,"template":"","format":"standard","meta":{"om_disable_all_campaigns":false,"_jetpack_memberships_contains_paid_content":false,"footnotes":""},"categories":[2,103],"tags":[],"class_list":["post-86425","post","type-post","status-publish","format-standard","has-post-thumbnail","hentry","category-locales","category-policiales-locales"],"aioseo_notices":[],"gutentor_comment":0,"jetpack_featured_media_url":"https:\/\/eldiariodesanpedro.com.ar\/sitio\/wp-content\/uploads\/2021\/01\/WhatsApp-Image-2021-01-22-at-11.28.16.jpeg","jetpack_shortlink":"https:\/\/wp.me\/p6RhLt-mtX","jetpack_sharing_enabled":true,"_links":{"self":[{"href":"https:\/\/eldiariodesanpedro.com.ar\/sitio\/wp-json\/wp\/v2\/posts\/86425","targetHints":{"allow":["GET"]}}],"collection":[{"href":"https:\/\/eldiariodesanpedro.com.ar\/sitio\/wp-json\/wp\/v2\/posts"}],"about":[{"href":"https:\/\/eldiariodesanpedro.com.ar\/sitio\/wp-json\/wp\/v2\/types\/post"}],"author":[{"embeddable":true,"href":"https:\/\/eldiariodesanpedro.com.ar\/sitio\/wp-json\/wp\/v2\/users\/4"}],"replies":[{"embeddable":true,"href":"https:\/\/eldiariodesanpedro.com.ar\/sitio\/wp-json\/wp\/v2\/comments?post=86425"}],"version-history":[{"count":1,"href":"https:\/\/eldiariodesanpedro.com.ar\/sitio\/wp-json\/wp\/v2\/posts\/86425\/revisions"}],"predecessor-version":[{"id":86427,"href":"https:\/\/eldiariodesanpedro.com.ar\/sitio\/wp-json\/wp\/v2\/posts\/86425\/revisions\/86427"}],"wp:featuredmedia":[{"embeddable":true,"href":"https:\/\/eldiariodesanpedro.com.ar\/sitio\/wp-json\/wp\/v2\/media\/86426"}],"wp:attachment":[{"href":"https:\/\/eldiariodesanpedro.com.ar\/sitio\/wp-json\/wp\/v2\/media?parent=86425"}],"wp:term":[{"taxonomy":"category","embeddable":true,"href":"https:\/\/eldiariodesanpedro.com.ar\/sitio\/wp-json\/wp\/v2\/categories?post=86425"},{"taxonomy":"post_tag","embeddable":true,"href":"https:\/\/eldiariodesanpedro.com.ar\/sitio\/wp-json\/wp\/v2\/tags?post=86425"}],"curies":[{"name":"wp","href":"https:\/\/api.w.org\/{rel}","templated":true}]}}