{"id":86422,"date":"2021-01-22T11:45:06","date_gmt":"2021-01-22T14:45:06","guid":{"rendered":"https:\/\/eldiariodesanpedro.com.ar\/sitio\/?p=86422"},"modified":"2021-01-22T11:45:10","modified_gmt":"2021-01-22T14:45:10","slug":"se-recupero-una-carretilla-de-la-escuela-agrotecnica-de-rio-tala","status":"publish","type":"post","link":"https:\/\/eldiariodesanpedro.com.ar\/sitio\/se-recupero-una-carretilla-de-la-escuela-agrotecnica-de-rio-tala\/","title":{"rendered":"Se recupero una carretilla de la escuela agrot\u00e9cnica de R\u00edo Tala"},"content":{"rendered":"<!-- VideographyWP Plugin Message: Automatic video embedding prevented by plugin options. -->\n\n<p>En la tarde de ayer el personal de R\u00edo Tala, procedi\u00f3 al secuestro de una carretilla, abandonada en descampado en calle San Martin y Sgto Cabral de R\u00edo tala.&nbsp;<\/p>\n\n\n\n<p>Resta ser identificada por la denunciante del robo de la escuela agrot\u00e9cnica d\u00edas atr\u00e1s.&nbsp;<\/p>\n","protected":false},"excerpt":{"rendered":"<p>En la tarde de ayer el personal de R\u00edo Tala, procedi\u00f3 al secuestro de una carretilla, abandonada en descampado en calle San Martin y Sgto Cabral de R\u00edo tala.&nbsp; Resta ser identificada por la denunciante del robo de la escuela agrot\u00e9cnica d\u00edas atr\u00e1s.&nbsp;<\/p>\n","protected":false},"author":4,"featured_media":86423,"comment_status":"open","ping_status":"closed","sticky":false,"template":"","format":"standard","meta":{"om_disable_all_campaigns":false,"_jetpack_memberships_contains_paid_content":false,"footnotes":""},"categories":[621],"tags":[],"class_list":["post-86422","post","type-post","status-publish","format-standard","has-post-thumbnail","hentry","category-regionales"],"aioseo_notices":[],"gutentor_comment":0,"jetpack_featured_media_url":"https:\/\/eldiariodesanpedro.com.ar\/sitio\/wp-content\/uploads\/2021\/01\/carretilla.jpg","jetpack_shortlink":"https:\/\/wp.me\/p6RhLt-mtU","jetpack_sharing_enabled":true,"_links":{"self":[{"href":"https:\/\/eldiariodesanpedro.com.ar\/sitio\/wp-json\/wp\/v2\/posts\/86422","targetHints":{"allow":["GET"]}}],"collection":[{"href":"https:\/\/eldiariodesanpedro.com.ar\/sitio\/wp-json\/wp\/v2\/posts"}],"about":[{"href":"https:\/\/eldiariodesanpedro.com.ar\/sitio\/wp-json\/wp\/v2\/types\/post"}],"author":[{"embeddable":true,"href":"https:\/\/eldiariodesanpedro.com.ar\/sitio\/wp-json\/wp\/v2\/users\/4"}],"replies":[{"embeddable":true,"href":"https:\/\/eldiariodesanpedro.com.ar\/sitio\/wp-json\/wp\/v2\/comments?post=86422"}],"version-history":[{"count":1,"href":"https:\/\/eldiariodesanpedro.com.ar\/sitio\/wp-json\/wp\/v2\/posts\/86422\/revisions"}],"predecessor-version":[{"id":86424,"href":"https:\/\/eldiariodesanpedro.com.ar\/sitio\/wp-json\/wp\/v2\/posts\/86422\/revisions\/86424"}],"wp:featuredmedia":[{"embeddable":true,"href":"https:\/\/eldiariodesanpedro.com.ar\/sitio\/wp-json\/wp\/v2\/media\/86423"}],"wp:attachment":[{"href":"https:\/\/eldiariodesanpedro.com.ar\/sitio\/wp-json\/wp\/v2\/media?parent=86422"}],"wp:term":[{"taxonomy":"category","embeddable":true,"href":"https:\/\/eldiariodesanpedro.com.ar\/sitio\/wp-json\/wp\/v2\/categories?post=86422"},{"taxonomy":"post_tag","embeddable":true,"href":"https:\/\/eldiariodesanpedro.com.ar\/sitio\/wp-json\/wp\/v2\/tags?post=86422"}],"curies":[{"name":"wp","href":"https:\/\/api.w.org\/{rel}","templated":true}]}}