{"id":8640,"date":"2016-10-05T19:15:39","date_gmt":"2016-10-05T22:15:39","guid":{"rendered":"https:\/\/eldiariodesanpedro.com.ar\/sitio\/?p=8640"},"modified":"2016-10-05T19:15:39","modified_gmt":"2016-10-05T22:15:39","slug":"buque-varado-en-el-paso-de-los-ratones","status":"publish","type":"post","link":"https:\/\/eldiariodesanpedro.com.ar\/sitio\/buque-varado-en-el-paso-de-los-ratones\/","title":{"rendered":"Buque varado en el paso de Los Ratones"},"content":{"rendered":"<p><!-- VideographyWP Plugin Message: Automatic video embedding prevented by plugin options. --><br \/>\nSe trata del Star Z, que obstruye el paso del r\u00edo Paran\u00e1. En la tarde del mi\u00e9rcoles se realizaban tareas con dos remolcadores para poder retirarlo del lugar en donde se encuentra.<br \/>\nEn ese sentido, Stanganelli se\u00f1al\u00f3: \u201cEl martes a la ma\u00f1ana aproximadamente a las 5 AM nos anotici\u00e1bamos de que un buque ven\u00eda navegando aguas abajo procedente de San Lorenzo con destino a Sud\u00e1frica, cargado aproximadamente con 40.200 toneladas de ma\u00edz a granel y sufri\u00f3 una varadura en el ingreso del paso de Los Ratones\u201d.<br \/>\nEn tanto, asever\u00f3: \u201cLa Prefectura comenz\u00f3 todo un protocolo de buque varado y lo que hacemos es informar a las dependencias y a los centros de control de tr\u00e1fico aguas arriba y abajo de la situaci\u00f3n de este buque, con lo cual la hidrov\u00eda para los buques de gran calado queda cerrada\u201d, es \u201ccomo si cerraramos la Panamericana y no se puede circular\u201d, explic\u00f3.<br \/>\n\u201cNo hay colectora para buques grandes, con lo cual la v\u00eda principal queda cerrada y s\u00ed para buques m\u00e1s chicos\u201d, sostuvo seguidamente.<br \/>\nA\u00fan se desconocen los motivos por los cuales se produjo el incidente: \u201cEs materia de investigaci\u00f3n\u201d, sostuvo el prefecto y aclar\u00f3: \u201cHasta el momento no tenemos ninguna aver\u00eda en el barco, que eso es lo m\u00e1s importante, si bien toca fondo cuando se vara, no hay aver\u00eda en ning\u00fan tanque\u201d.<br \/>\n\u201cLa agencia mar\u00edtima asignada en el lugar debe asignar dos remolcadores de potencia adecuada para poder sacar el barco de la posici\u00f3n en la que est\u00e1. Hoy a la ma\u00f1ana lleg\u00f3 ya un remolcador procedente del puerto San Lorenzo y luego por la tarde lleg\u00f3 el otro\u201d, asever\u00f3.<br \/>\nAl tiempo que manifest\u00f3: \u201cSe va coordinar con Hidrov\u00eda que se lleve a cabo una batimetr\u00eda, porque puede haber desmoronamiento del canal o puede haber alg\u00fan elemento que haya quedado obstruyendo\u201d. \u201cPosteriormente se podr\u00e1 dragar el lugar y luego de ello podr\u00e1n volver a navegar los buques\u201d, indic\u00f3.<\/p>\n","protected":false},"excerpt":{"rendered":"<p>Se trata del Star Z, que obstruye el paso del r\u00edo Paran\u00e1. En la tarde del mi\u00e9rcoles se realizaban tareas con dos remolcadores para poder retirarlo del lugar en donde se encuentra. En ese sentido, Stanganelli se\u00f1al\u00f3: \u201cEl martes a la ma\u00f1ana aproximadamente a las 5 AM nos anotici\u00e1bamos de que un buque ven\u00eda navegando [&hellip;]<\/p>\n","protected":false},"author":4,"featured_media":8641,"comment_status":"open","ping_status":"closed","sticky":false,"template":"","format":"standard","meta":{"om_disable_all_campaigns":false,"_jetpack_memberships_contains_paid_content":false,"footnotes":""},"categories":[101,2],"tags":[],"class_list":["post-8640","post","type-post","status-publish","format-standard","has-post-thumbnail","hentry","category-interes-general-locales","category-locales"],"aioseo_notices":[],"gutentor_comment":0,"jetpack_featured_media_url":"https:\/\/eldiariodesanpedro.com.ar\/sitio\/wp-content\/uploads\/2016\/10\/0000019620.jpg","jetpack_shortlink":"https:\/\/wp.me\/p6RhLt-2fm","jetpack_sharing_enabled":true,"_links":{"self":[{"href":"https:\/\/eldiariodesanpedro.com.ar\/sitio\/wp-json\/wp\/v2\/posts\/8640","targetHints":{"allow":["GET"]}}],"collection":[{"href":"https:\/\/eldiariodesanpedro.com.ar\/sitio\/wp-json\/wp\/v2\/posts"}],"about":[{"href":"https:\/\/eldiariodesanpedro.com.ar\/sitio\/wp-json\/wp\/v2\/types\/post"}],"author":[{"embeddable":true,"href":"https:\/\/eldiariodesanpedro.com.ar\/sitio\/wp-json\/wp\/v2\/users\/4"}],"replies":[{"embeddable":true,"href":"https:\/\/eldiariodesanpedro.com.ar\/sitio\/wp-json\/wp\/v2\/comments?post=8640"}],"version-history":[{"count":1,"href":"https:\/\/eldiariodesanpedro.com.ar\/sitio\/wp-json\/wp\/v2\/posts\/8640\/revisions"}],"predecessor-version":[{"id":8642,"href":"https:\/\/eldiariodesanpedro.com.ar\/sitio\/wp-json\/wp\/v2\/posts\/8640\/revisions\/8642"}],"wp:featuredmedia":[{"embeddable":true,"href":"https:\/\/eldiariodesanpedro.com.ar\/sitio\/wp-json\/wp\/v2\/media\/8641"}],"wp:attachment":[{"href":"https:\/\/eldiariodesanpedro.com.ar\/sitio\/wp-json\/wp\/v2\/media?parent=8640"}],"wp:term":[{"taxonomy":"category","embeddable":true,"href":"https:\/\/eldiariodesanpedro.com.ar\/sitio\/wp-json\/wp\/v2\/categories?post=8640"},{"taxonomy":"post_tag","embeddable":true,"href":"https:\/\/eldiariodesanpedro.com.ar\/sitio\/wp-json\/wp\/v2\/tags?post=8640"}],"curies":[{"name":"wp","href":"https:\/\/api.w.org\/{rel}","templated":true}]}}