{"id":8638,"date":"2016-10-05T19:13:23","date_gmt":"2016-10-05T22:13:23","guid":{"rendered":"https:\/\/eldiariodesanpedro.com.ar\/sitio\/?p=8638"},"modified":"2016-10-05T19:13:23","modified_gmt":"2016-10-05T22:13:23","slug":"aumentan-el-30-el-sueldo-de-la-planta-politica-municipal","status":"publish","type":"post","link":"https:\/\/eldiariodesanpedro.com.ar\/sitio\/aumentan-el-30-el-sueldo-de-la-planta-politica-municipal\/","title":{"rendered":"Aumentan el 30% el sueldo de la planta pol\u00edtica municipal"},"content":{"rendered":"<p><!-- VideographyWP Plugin Message: Automatic video embedding prevented by plugin options. --><br \/>\n\u201cSe decidi\u00f3 aumentar un 30% el sueldo de todos los funcionarios de planta pol\u00edtica\u201d, confirm\u00f3 el secretario de Gobierno municipal, Silvio Corti.<br \/>\nEn tanto, explic\u00f3 que a\u00fan no se ha hecho p\u00fablico a trav\u00e9s del bolet\u00edn oficial. \u201cLos decretos est\u00e1n la pr\u00f3xima tanda a publicarse, vienen con un atraso, no estamos publicando al d\u00eda\u201d, asever\u00f3.<br \/>\nY sobre ello, explic\u00f3: \u201cPerm\u00edtanme recordar que la primera medida que tom\u00f3 el gobierno cuando asumi\u00f3 fue bajar el sueldo de los funcionarios y del propio intendente, lo que hemos hecho, pasada la emergencia econ\u00f3mica y a partir que la econom\u00eda municipal comienza a acomodarse, es recomponer el salario del intendente y de los funcionarios, en virtud de que el trabajo que se hace es mucho\u201d.<br \/>\nAl tiempo, agreg\u00f3: \u201cEl aumento es menor al que se le otorg\u00f3 a los trabajadores municipales\u201d.<\/p>\n","protected":false},"excerpt":{"rendered":"<p>\u201cSe decidi\u00f3 aumentar un 30% el sueldo de todos los funcionarios de planta pol\u00edtica\u201d, confirm\u00f3 el secretario de Gobierno municipal, Silvio Corti. En tanto, explic\u00f3 que a\u00fan no se ha hecho p\u00fablico a trav\u00e9s del bolet\u00edn oficial. \u201cLos decretos est\u00e1n la pr\u00f3xima tanda a publicarse, vienen con un atraso, no estamos publicando al d\u00eda\u201d, asever\u00f3. [&hellip;]<\/p>\n","protected":false},"author":4,"featured_media":265,"comment_status":"open","ping_status":"closed","sticky":false,"template":"","format":"standard","meta":{"om_disable_all_campaigns":false,"_jetpack_memberships_contains_paid_content":false,"footnotes":""},"categories":[50,2,102],"tags":[],"class_list":["post-8638","post","type-post","status-publish","format-standard","has-post-thumbnail","hentry","category-destacadas","category-locales","category-politica-locales"],"aioseo_notices":[],"gutentor_comment":0,"jetpack_featured_media_url":"https:\/\/eldiariodesanpedro.com.ar\/sitio\/wp-content\/uploads\/2015\/11\/Municipalidad-11.jpg","jetpack_shortlink":"https:\/\/wp.me\/p6RhLt-2fk","jetpack_sharing_enabled":true,"_links":{"self":[{"href":"https:\/\/eldiariodesanpedro.com.ar\/sitio\/wp-json\/wp\/v2\/posts\/8638","targetHints":{"allow":["GET"]}}],"collection":[{"href":"https:\/\/eldiariodesanpedro.com.ar\/sitio\/wp-json\/wp\/v2\/posts"}],"about":[{"href":"https:\/\/eldiariodesanpedro.com.ar\/sitio\/wp-json\/wp\/v2\/types\/post"}],"author":[{"embeddable":true,"href":"https:\/\/eldiariodesanpedro.com.ar\/sitio\/wp-json\/wp\/v2\/users\/4"}],"replies":[{"embeddable":true,"href":"https:\/\/eldiariodesanpedro.com.ar\/sitio\/wp-json\/wp\/v2\/comments?post=8638"}],"version-history":[{"count":1,"href":"https:\/\/eldiariodesanpedro.com.ar\/sitio\/wp-json\/wp\/v2\/posts\/8638\/revisions"}],"predecessor-version":[{"id":8639,"href":"https:\/\/eldiariodesanpedro.com.ar\/sitio\/wp-json\/wp\/v2\/posts\/8638\/revisions\/8639"}],"wp:featuredmedia":[{"embeddable":true,"href":"https:\/\/eldiariodesanpedro.com.ar\/sitio\/wp-json\/wp\/v2\/media\/265"}],"wp:attachment":[{"href":"https:\/\/eldiariodesanpedro.com.ar\/sitio\/wp-json\/wp\/v2\/media?parent=8638"}],"wp:term":[{"taxonomy":"category","embeddable":true,"href":"https:\/\/eldiariodesanpedro.com.ar\/sitio\/wp-json\/wp\/v2\/categories?post=8638"},{"taxonomy":"post_tag","embeddable":true,"href":"https:\/\/eldiariodesanpedro.com.ar\/sitio\/wp-json\/wp\/v2\/tags?post=8638"}],"curies":[{"name":"wp","href":"https:\/\/api.w.org\/{rel}","templated":true}]}}