{"id":86352,"date":"2021-01-21T10:29:12","date_gmt":"2021-01-21T13:29:12","guid":{"rendered":"https:\/\/eldiariodesanpedro.com.ar\/sitio\/?p=86352"},"modified":"2021-01-21T10:29:16","modified_gmt":"2021-01-21T13:29:16","slug":"se-recupero-una-bicicleta-que-habia-sido-robada","status":"publish","type":"post","link":"https:\/\/eldiariodesanpedro.com.ar\/sitio\/se-recupero-una-bicicleta-que-habia-sido-robada\/","title":{"rendered":"Se recupero una bicicleta que hab\u00eda sido robada"},"content":{"rendered":"<!-- VideographyWP Plugin Message: Automatic video embedding prevented by plugin options. -->\n\n<p>En la tarde de ayer el personal de la comisar\u00eda alertado y r\u00e1pido accionar en calle Casella y Cruz Roja Argentina, secuestr\u00f3 abandonado rodado bicicleta todo terreno equipada, la cual fuera sustra\u00edda sin violencia momentos antes de domicilio de calle Basavilbaso 400, propiedad de femenina 34 a\u00f1os.&nbsp;<\/p>\n\n\n\n<p>La bicicleta fue restituida a su due\u00f1a, se procura establecer la autor\u00eda del hecho. Interviene la justicia local.<\/p>\n\n\n\n<figure class=\"wp-block-image size-large\"><img decoding=\"async\" width=\"576\" height=\"1024\" data-attachment-id=\"86347\" data-permalink=\"https:\/\/eldiariodesanpedro.com.ar\/sitio\/se-detuvo-al-delincuente-que-apunalo-a-un-hombre-al-resistirse-al-robo-de-su-automovil\/whatsapp-image-2021-01-21-at-09-59-15\/\" data-orig-file=\"https:\/\/eldiariodesanpedro.com.ar\/sitio\/wp-content\/uploads\/2021\/01\/WhatsApp-Image-2021-01-21-at-09.59.15.jpeg\" data-orig-size=\"720,1280\" data-comments-opened=\"1\" data-image-meta=\"{&quot;aperture&quot;:&quot;0&quot;,&quot;credit&quot;:&quot;&quot;,&quot;camera&quot;:&quot;&quot;,&quot;caption&quot;:&quot;&quot;,&quot;created_timestamp&quot;:&quot;0&quot;,&quot;copyright&quot;:&quot;&quot;,&quot;focal_length&quot;:&quot;0&quot;,&quot;iso&quot;:&quot;0&quot;,&quot;shutter_speed&quot;:&quot;0&quot;,&quot;title&quot;:&quot;&quot;,&quot;orientation&quot;:&quot;0&quot;}\" data-image-title=\"WhatsApp Image 2021-01-21 at 09.59.15\" data-image-description=\"\" data-image-caption=\"\" data-large-file=\"https:\/\/eldiariodesanpedro.com.ar\/sitio\/wp-content\/uploads\/2021\/01\/WhatsApp-Image-2021-01-21-at-09.59.15-576x1024.jpeg\" data-src=\"https:\/\/eldiariodesanpedro.com.ar\/sitio\/wp-content\/uploads\/2021\/01\/WhatsApp-Image-2021-01-21-at-09.59.15-576x1024.jpeg\" alt=\"\" class=\"wp-image-86347 lazyload\" data-srcset=\"https:\/\/eldiariodesanpedro.com.ar\/sitio\/wp-content\/uploads\/2021\/01\/WhatsApp-Image-2021-01-21-at-09.59.15-576x1024.jpeg 576w, https:\/\/eldiariodesanpedro.com.ar\/sitio\/wp-content\/uploads\/2021\/01\/WhatsApp-Image-2021-01-21-at-09.59.15-169x300.jpeg 169w, https:\/\/eldiariodesanpedro.com.ar\/sitio\/wp-content\/uploads\/2021\/01\/WhatsApp-Image-2021-01-21-at-09.59.15.jpeg 720w\" data-sizes=\"(max-width: 576px) 100vw, 576px\" src=\"data:image\/svg+xml;base64,PHN2ZyB3aWR0aD0iMSIgaGVpZ2h0PSIxIiB4bWxucz0iaHR0cDovL3d3dy53My5vcmcvMjAwMC9zdmciPjwvc3ZnPg==\" style=\"--smush-placeholder-width: 576px; --smush-placeholder-aspect-ratio: 576\/1024;\" \/><\/figure>\n","protected":false},"excerpt":{"rendered":"<p>En la tarde de ayer el personal de la comisar\u00eda alertado y r\u00e1pido accionar en calle Casella y Cruz Roja Argentina, secuestr\u00f3 abandonado rodado bicicleta todo terreno equipada, la cual fuera sustra\u00edda sin violencia momentos antes de domicilio de calle Basavilbaso 400, propiedad de femenina 34 a\u00f1os.&nbsp; La bicicleta fue restituida a su due\u00f1a, se [&hellip;]<\/p>\n","protected":false},"author":4,"featured_media":86353,"comment_status":"open","ping_status":"closed","sticky":false,"template":"","format":"standard","meta":{"om_disable_all_campaigns":false,"_jetpack_memberships_contains_paid_content":false,"footnotes":""},"categories":[2,103],"tags":[],"class_list":["post-86352","post","type-post","status-publish","format-standard","has-post-thumbnail","hentry","category-locales","category-policiales-locales"],"aioseo_notices":[],"gutentor_comment":0,"jetpack_featured_media_url":"https:\/\/eldiariodesanpedro.com.ar\/sitio\/wp-content\/uploads\/2021\/01\/Sin-titulo-1-8.jpg","jetpack_shortlink":"https:\/\/wp.me\/p6RhLt-msM","jetpack_sharing_enabled":true,"_links":{"self":[{"href":"https:\/\/eldiariodesanpedro.com.ar\/sitio\/wp-json\/wp\/v2\/posts\/86352","targetHints":{"allow":["GET"]}}],"collection":[{"href":"https:\/\/eldiariodesanpedro.com.ar\/sitio\/wp-json\/wp\/v2\/posts"}],"about":[{"href":"https:\/\/eldiariodesanpedro.com.ar\/sitio\/wp-json\/wp\/v2\/types\/post"}],"author":[{"embeddable":true,"href":"https:\/\/eldiariodesanpedro.com.ar\/sitio\/wp-json\/wp\/v2\/users\/4"}],"replies":[{"embeddable":true,"href":"https:\/\/eldiariodesanpedro.com.ar\/sitio\/wp-json\/wp\/v2\/comments?post=86352"}],"version-history":[{"count":1,"href":"https:\/\/eldiariodesanpedro.com.ar\/sitio\/wp-json\/wp\/v2\/posts\/86352\/revisions"}],"predecessor-version":[{"id":86354,"href":"https:\/\/eldiariodesanpedro.com.ar\/sitio\/wp-json\/wp\/v2\/posts\/86352\/revisions\/86354"}],"wp:featuredmedia":[{"embeddable":true,"href":"https:\/\/eldiariodesanpedro.com.ar\/sitio\/wp-json\/wp\/v2\/media\/86353"}],"wp:attachment":[{"href":"https:\/\/eldiariodesanpedro.com.ar\/sitio\/wp-json\/wp\/v2\/media?parent=86352"}],"wp:term":[{"taxonomy":"category","embeddable":true,"href":"https:\/\/eldiariodesanpedro.com.ar\/sitio\/wp-json\/wp\/v2\/categories?post=86352"},{"taxonomy":"post_tag","embeddable":true,"href":"https:\/\/eldiariodesanpedro.com.ar\/sitio\/wp-json\/wp\/v2\/tags?post=86352"}],"curies":[{"name":"wp","href":"https:\/\/api.w.org\/{rel}","templated":true}]}}