{"id":86350,"date":"2021-01-21T10:16:40","date_gmt":"2021-01-21T13:16:40","guid":{"rendered":"https:\/\/eldiariodesanpedro.com.ar\/sitio\/?p=86350"},"modified":"2021-01-21T10:16:43","modified_gmt":"2021-01-21T13:16:43","slug":"un-joven-que-realizaba-actividad-fisica-en-el-paseo-fue-asaltado-por-otro","status":"publish","type":"post","link":"https:\/\/eldiariodesanpedro.com.ar\/sitio\/un-joven-que-realizaba-actividad-fisica-en-el-paseo-fue-asaltado-por-otro\/","title":{"rendered":"Un joven que realizaba actividad f\u00edsica en el paseo fue asaltado por otro"},"content":{"rendered":"<!-- VideographyWP Plugin Message: Automatic video embedding prevented by plugin options. -->\n\n<p>Este mi\u00e9rcoles la polic\u00eda de nuestra ciudad recibi\u00f3 la denuncia por parte de un joven de 15 a\u00f1os, quien declara que siendo las 10.30 horas momento se encontraba finalizando actividad f\u00edsica en\u00a0 Avenida Espa\u00f1a 200 Paseo P\u00fablico 1 San Pedro zona costanera, es abordado por masculino el cual intimidando verbalmente le sustrae tel\u00e9fono celular.-<\/p>\n","protected":false},"excerpt":{"rendered":"<p>Este mi\u00e9rcoles la polic\u00eda de nuestra ciudad recibi\u00f3 la denuncia por parte de un joven de 15 a\u00f1os, quien declara que siendo las 10.30 horas momento se encontraba finalizando actividad f\u00edsica en\u00a0 Avenida Espa\u00f1a 200 Paseo P\u00fablico 1 San Pedro zona costanera, es abordado por masculino el cual intimidando verbalmente le sustrae tel\u00e9fono celular.-<\/p>\n","protected":false},"author":4,"featured_media":77561,"comment_status":"open","ping_status":"closed","sticky":false,"template":"","format":"standard","meta":{"om_disable_all_campaigns":false,"_jetpack_memberships_contains_paid_content":false,"footnotes":""},"categories":[2,103],"tags":[],"class_list":["post-86350","post","type-post","status-publish","format-standard","has-post-thumbnail","hentry","category-locales","category-policiales-locales"],"aioseo_notices":[],"gutentor_comment":0,"jetpack_featured_media_url":"https:\/\/eldiariodesanpedro.com.ar\/sitio\/wp-content\/uploads\/2020\/07\/20200709072134.jpg","jetpack_shortlink":"https:\/\/wp.me\/p6RhLt-msK","jetpack_sharing_enabled":true,"_links":{"self":[{"href":"https:\/\/eldiariodesanpedro.com.ar\/sitio\/wp-json\/wp\/v2\/posts\/86350","targetHints":{"allow":["GET"]}}],"collection":[{"href":"https:\/\/eldiariodesanpedro.com.ar\/sitio\/wp-json\/wp\/v2\/posts"}],"about":[{"href":"https:\/\/eldiariodesanpedro.com.ar\/sitio\/wp-json\/wp\/v2\/types\/post"}],"author":[{"embeddable":true,"href":"https:\/\/eldiariodesanpedro.com.ar\/sitio\/wp-json\/wp\/v2\/users\/4"}],"replies":[{"embeddable":true,"href":"https:\/\/eldiariodesanpedro.com.ar\/sitio\/wp-json\/wp\/v2\/comments?post=86350"}],"version-history":[{"count":1,"href":"https:\/\/eldiariodesanpedro.com.ar\/sitio\/wp-json\/wp\/v2\/posts\/86350\/revisions"}],"predecessor-version":[{"id":86351,"href":"https:\/\/eldiariodesanpedro.com.ar\/sitio\/wp-json\/wp\/v2\/posts\/86350\/revisions\/86351"}],"wp:featuredmedia":[{"embeddable":true,"href":"https:\/\/eldiariodesanpedro.com.ar\/sitio\/wp-json\/wp\/v2\/media\/77561"}],"wp:attachment":[{"href":"https:\/\/eldiariodesanpedro.com.ar\/sitio\/wp-json\/wp\/v2\/media?parent=86350"}],"wp:term":[{"taxonomy":"category","embeddable":true,"href":"https:\/\/eldiariodesanpedro.com.ar\/sitio\/wp-json\/wp\/v2\/categories?post=86350"},{"taxonomy":"post_tag","embeddable":true,"href":"https:\/\/eldiariodesanpedro.com.ar\/sitio\/wp-json\/wp\/v2\/tags?post=86350"}],"curies":[{"name":"wp","href":"https:\/\/api.w.org\/{rel}","templated":true}]}}