{"id":86345,"date":"2021-01-21T10:10:10","date_gmt":"2021-01-21T13:10:10","guid":{"rendered":"https:\/\/eldiariodesanpedro.com.ar\/sitio\/?p=86345"},"modified":"2021-01-21T10:10:11","modified_gmt":"2021-01-21T13:10:11","slug":"cuatro-aprehendidos-por-tenencia-de-estupefacientes-2","status":"publish","type":"post","link":"https:\/\/eldiariodesanpedro.com.ar\/sitio\/cuatro-aprehendidos-por-tenencia-de-estupefacientes-2\/","title":{"rendered":"Cuatro aprehendidos por tenencia de estupefacientes"},"content":{"rendered":"<!-- VideographyWP Plugin Message: Automatic video embedding prevented by plugin options. -->\n\n<p>En la tarde de ayer la&nbsp; polic\u00eda de la comisar\u00eda local&nbsp; realiz\u00f3 distintos operativos din\u00e1micos, identificando varias personas. En cuatro casos, se traslad\u00f3 a sede policial a masculinos mayores de edad, con sustancia marihuana \u00ednfimo pesaje. Intervino la justicia local.<\/p>\n\n\n\n<p>Todos en la v\u00eda p\u00fablica, uno se dio Manuel Iglesias y Casella, otro Miguel Porta y Auli , otro M\u00e1ximo Mill\u00e1n y Dipietri&nbsp; y en 3 de febrero y Crucero General Belgrano. Los causantes, fueron notificados de la formaci\u00f3n de la causa judicial&nbsp; y posterior libertad.<\/p>\n","protected":false},"excerpt":{"rendered":"<p>En la tarde de ayer la&nbsp; polic\u00eda de la comisar\u00eda local&nbsp; realiz\u00f3 distintos operativos din\u00e1micos, identificando varias personas. En cuatro casos, se traslad\u00f3 a sede policial a masculinos mayores de edad, con sustancia marihuana \u00ednfimo pesaje. Intervino la justicia local. Todos en la v\u00eda p\u00fablica, uno se dio Manuel Iglesias y Casella, otro Miguel Porta [&hellip;]<\/p>\n","protected":false},"author":4,"featured_media":85181,"comment_status":"open","ping_status":"closed","sticky":false,"template":"","format":"standard","meta":{"om_disable_all_campaigns":false,"_jetpack_memberships_contains_paid_content":false,"footnotes":""},"categories":[2,103],"tags":[],"class_list":["post-86345","post","type-post","status-publish","format-standard","has-post-thumbnail","hentry","category-locales","category-policiales-locales"],"aioseo_notices":[],"gutentor_comment":0,"jetpack_featured_media_url":"https:\/\/eldiariodesanpedro.com.ar\/sitio\/wp-content\/uploads\/2021\/01\/patrullero-noche.jpg","jetpack_shortlink":"https:\/\/wp.me\/p6RhLt-msF","jetpack_sharing_enabled":true,"_links":{"self":[{"href":"https:\/\/eldiariodesanpedro.com.ar\/sitio\/wp-json\/wp\/v2\/posts\/86345","targetHints":{"allow":["GET"]}}],"collection":[{"href":"https:\/\/eldiariodesanpedro.com.ar\/sitio\/wp-json\/wp\/v2\/posts"}],"about":[{"href":"https:\/\/eldiariodesanpedro.com.ar\/sitio\/wp-json\/wp\/v2\/types\/post"}],"author":[{"embeddable":true,"href":"https:\/\/eldiariodesanpedro.com.ar\/sitio\/wp-json\/wp\/v2\/users\/4"}],"replies":[{"embeddable":true,"href":"https:\/\/eldiariodesanpedro.com.ar\/sitio\/wp-json\/wp\/v2\/comments?post=86345"}],"version-history":[{"count":1,"href":"https:\/\/eldiariodesanpedro.com.ar\/sitio\/wp-json\/wp\/v2\/posts\/86345\/revisions"}],"predecessor-version":[{"id":86346,"href":"https:\/\/eldiariodesanpedro.com.ar\/sitio\/wp-json\/wp\/v2\/posts\/86345\/revisions\/86346"}],"wp:featuredmedia":[{"embeddable":true,"href":"https:\/\/eldiariodesanpedro.com.ar\/sitio\/wp-json\/wp\/v2\/media\/85181"}],"wp:attachment":[{"href":"https:\/\/eldiariodesanpedro.com.ar\/sitio\/wp-json\/wp\/v2\/media?parent=86345"}],"wp:term":[{"taxonomy":"category","embeddable":true,"href":"https:\/\/eldiariodesanpedro.com.ar\/sitio\/wp-json\/wp\/v2\/categories?post=86345"},{"taxonomy":"post_tag","embeddable":true,"href":"https:\/\/eldiariodesanpedro.com.ar\/sitio\/wp-json\/wp\/v2\/tags?post=86345"}],"curies":[{"name":"wp","href":"https:\/\/api.w.org\/{rel}","templated":true}]}}