{"id":86343,"date":"2021-01-21T10:12:23","date_gmt":"2021-01-21T13:12:23","guid":{"rendered":"https:\/\/eldiariodesanpedro.com.ar\/sitio\/?p=86343"},"modified":"2021-01-21T10:12:24","modified_gmt":"2021-01-21T13:12:24","slug":"se-detuvo-al-delincuente-que-apunalo-a-un-hombre-al-resistirse-al-robo-de-su-automovil","status":"publish","type":"post","link":"https:\/\/eldiariodesanpedro.com.ar\/sitio\/se-detuvo-al-delincuente-que-apunalo-a-un-hombre-al-resistirse-al-robo-de-su-automovil\/","title":{"rendered":"Se detuvo al delincuente que apu\u00f1alo a un hombre al resistirse al robo de su autom\u00f3vil"},"content":{"rendered":"<!-- VideographyWP Plugin Message: Automatic video embedding prevented by plugin options. -->\n\n<p>En el marco de un hecho policial ocurrido en las primeras horas de ayer caratulado como tentativa de robo agravado y lesiones donde resultara v\u00edctima un ciudadano de 37 a\u00f1os de edad&nbsp; y ocurrido en Balcarce al 800, cuando sal\u00eda de su casa se encuentra a un delincuente que se encontraba dentro de su autom\u00f3vil con el que se trenza en una pelea donde recibe una pu\u00f1alada.<\/p>\n\n\n\n<p>El personal del Gabinete Criminol\u00f3gico de la Comisar\u00eda&nbsp; tras tareas investigativas y an\u00e1lisis de c\u00e1maras de seguridad estableci\u00f3 autor\u00eda del hecho. Extendida orden de allanamiento por parte de la justicia ordinaria calle Cruz Roja&nbsp; entre Balcarce y G. Pueyrred\u00f3n, aprehendido autor material delincuente de 25 a\u00f1os con antecedentes.&nbsp;<\/p>\n\n\n\n<p>Se secuestr\u00f3 una bicicleta utilizada para fugar de la escena y gorra visera que vest\u00eda al momento de la comisi\u00f3n.&nbsp;<\/p>\n\n\n\n<p>El caco permanece alojado en sede policial imputado del hecho, mientras la v\u00edctima permanece internada en estado reservado por las lesiones sufridas y que requirieron&nbsp; intervenci\u00f3n quir\u00fargica.&nbsp;<\/p>\n","protected":false},"excerpt":{"rendered":"<p>En el marco de un hecho policial ocurrido en las primeras horas de ayer caratulado como tentativa de robo agravado y lesiones donde resultara v\u00edctima un ciudadano de 37 a\u00f1os de edad&nbsp; y ocurrido en Balcarce al 800, cuando sal\u00eda de su casa se encuentra a un delincuente que se encontraba dentro de su autom\u00f3vil [&hellip;]<\/p>\n","protected":false},"author":4,"featured_media":86348,"comment_status":"open","ping_status":"closed","sticky":false,"template":"","format":"standard","meta":{"om_disable_all_campaigns":false,"_jetpack_memberships_contains_paid_content":false,"footnotes":""},"categories":[50,2,103],"tags":[],"class_list":["post-86343","post","type-post","status-publish","format-standard","has-post-thumbnail","hentry","category-destacadas","category-locales","category-policiales-locales"],"aioseo_notices":[],"gutentor_comment":0,"jetpack_featured_media_url":"https:\/\/eldiariodesanpedro.com.ar\/sitio\/wp-content\/uploads\/2021\/01\/WhatsApp-Image-2021-01-21-at-09.59.35.jpeg","jetpack_shortlink":"https:\/\/wp.me\/p6RhLt-msD","jetpack_sharing_enabled":true,"_links":{"self":[{"href":"https:\/\/eldiariodesanpedro.com.ar\/sitio\/wp-json\/wp\/v2\/posts\/86343","targetHints":{"allow":["GET"]}}],"collection":[{"href":"https:\/\/eldiariodesanpedro.com.ar\/sitio\/wp-json\/wp\/v2\/posts"}],"about":[{"href":"https:\/\/eldiariodesanpedro.com.ar\/sitio\/wp-json\/wp\/v2\/types\/post"}],"author":[{"embeddable":true,"href":"https:\/\/eldiariodesanpedro.com.ar\/sitio\/wp-json\/wp\/v2\/users\/4"}],"replies":[{"embeddable":true,"href":"https:\/\/eldiariodesanpedro.com.ar\/sitio\/wp-json\/wp\/v2\/comments?post=86343"}],"version-history":[{"count":2,"href":"https:\/\/eldiariodesanpedro.com.ar\/sitio\/wp-json\/wp\/v2\/posts\/86343\/revisions"}],"predecessor-version":[{"id":86349,"href":"https:\/\/eldiariodesanpedro.com.ar\/sitio\/wp-json\/wp\/v2\/posts\/86343\/revisions\/86349"}],"wp:featuredmedia":[{"embeddable":true,"href":"https:\/\/eldiariodesanpedro.com.ar\/sitio\/wp-json\/wp\/v2\/media\/86348"}],"wp:attachment":[{"href":"https:\/\/eldiariodesanpedro.com.ar\/sitio\/wp-json\/wp\/v2\/media?parent=86343"}],"wp:term":[{"taxonomy":"category","embeddable":true,"href":"https:\/\/eldiariodesanpedro.com.ar\/sitio\/wp-json\/wp\/v2\/categories?post=86343"},{"taxonomy":"post_tag","embeddable":true,"href":"https:\/\/eldiariodesanpedro.com.ar\/sitio\/wp-json\/wp\/v2\/tags?post=86343"}],"curies":[{"name":"wp","href":"https:\/\/api.w.org\/{rel}","templated":true}]}}