{"id":86337,"date":"2021-01-20T18:38:04","date_gmt":"2021-01-20T21:38:04","guid":{"rendered":"https:\/\/eldiariodesanpedro.com.ar\/sitio\/?p=86337"},"modified":"2021-01-20T18:38:09","modified_gmt":"2021-01-20T21:38:09","slug":"zarate-indignacion-en-los-vecinos-liberaron-en-menos-de-24-horas-a-peligrosos-delincuentes","status":"publish","type":"post","link":"https:\/\/eldiariodesanpedro.com.ar\/sitio\/zarate-indignacion-en-los-vecinos-liberaron-en-menos-de-24-horas-a-peligrosos-delincuentes\/","title":{"rendered":"Z\u00c1RATE | Indignaci\u00f3n en los vecinos: Liberaron en menos de 24 horas a peligrosos delincuentes"},"content":{"rendered":"<!-- VideographyWP Plugin Message: Automatic video embedding prevented by plugin options. -->\n\n<p>En menos de 24 horas la justicia de Z\u00e1rate liber\u00f3 a los 2 sujetos que hab\u00edan sido aprehendidos por la polic\u00eda en la madrugada de ayer y en cuyo poder se les secuestr\u00f3 una moto robada en Campana y dos armas de fuego, adem\u00e1s de estar sospechados de una media docena de hechos.<\/p>\n\n\n\n<p>Fuente: <a href=\"https:\/\/infozc.com\/\">Info CZ<\/a><\/p>\n","protected":false},"excerpt":{"rendered":"<p>En menos de 24 horas la justicia de Z\u00e1rate liber\u00f3 a los 2 sujetos que hab\u00edan sido aprehendidos por la polic\u00eda en la madrugada de ayer y en cuyo poder se les secuestr\u00f3 una moto robada en Campana y dos armas de fuego, adem\u00e1s de estar sospechados de una media docena de hechos. Fuente: Info [&hellip;]<\/p>\n","protected":false},"author":4,"featured_media":0,"comment_status":"open","ping_status":"closed","sticky":false,"template":"","format":"standard","meta":{"om_disable_all_campaigns":false,"_jetpack_memberships_contains_paid_content":false,"footnotes":""},"categories":[621],"tags":[],"class_list":["post-86337","post","type-post","status-publish","format-standard","hentry","category-regionales"],"aioseo_notices":[],"gutentor_comment":0,"jetpack_featured_media_url":"","jetpack_shortlink":"https:\/\/wp.me\/p6RhLt-msx","jetpack_sharing_enabled":true,"_links":{"self":[{"href":"https:\/\/eldiariodesanpedro.com.ar\/sitio\/wp-json\/wp\/v2\/posts\/86337","targetHints":{"allow":["GET"]}}],"collection":[{"href":"https:\/\/eldiariodesanpedro.com.ar\/sitio\/wp-json\/wp\/v2\/posts"}],"about":[{"href":"https:\/\/eldiariodesanpedro.com.ar\/sitio\/wp-json\/wp\/v2\/types\/post"}],"author":[{"embeddable":true,"href":"https:\/\/eldiariodesanpedro.com.ar\/sitio\/wp-json\/wp\/v2\/users\/4"}],"replies":[{"embeddable":true,"href":"https:\/\/eldiariodesanpedro.com.ar\/sitio\/wp-json\/wp\/v2\/comments?post=86337"}],"version-history":[{"count":1,"href":"https:\/\/eldiariodesanpedro.com.ar\/sitio\/wp-json\/wp\/v2\/posts\/86337\/revisions"}],"predecessor-version":[{"id":86338,"href":"https:\/\/eldiariodesanpedro.com.ar\/sitio\/wp-json\/wp\/v2\/posts\/86337\/revisions\/86338"}],"wp:attachment":[{"href":"https:\/\/eldiariodesanpedro.com.ar\/sitio\/wp-json\/wp\/v2\/media?parent=86337"}],"wp:term":[{"taxonomy":"category","embeddable":true,"href":"https:\/\/eldiariodesanpedro.com.ar\/sitio\/wp-json\/wp\/v2\/categories?post=86337"},{"taxonomy":"post_tag","embeddable":true,"href":"https:\/\/eldiariodesanpedro.com.ar\/sitio\/wp-json\/wp\/v2\/tags?post=86337"}],"curies":[{"name":"wp","href":"https:\/\/api.w.org\/{rel}","templated":true}]}}