{"id":86334,"date":"2021-01-20T18:36:37","date_gmt":"2021-01-20T21:36:37","guid":{"rendered":"https:\/\/eldiariodesanpedro.com.ar\/sitio\/?p=86334"},"modified":"2021-01-20T18:36:38","modified_gmt":"2021-01-20T21:36:38","slug":"arrecifes-covid-15-fallecimientos-de-arrecifenos-en-los-ultimos-10-dias","status":"publish","type":"post","link":"https:\/\/eldiariodesanpedro.com.ar\/sitio\/arrecifes-covid-15-fallecimientos-de-arrecifenos-en-los-ultimos-10-dias\/","title":{"rendered":"ARRECIFES | Covid: 15 fallecimientos de  arrecife\u00f1os en los \u00faltimos 10 d\u00edas"},"content":{"rendered":"<!-- VideographyWP Plugin Message: Automatic video embedding prevented by plugin options. -->\n\n<p>Es grave la situaci\u00f3n en nuestra ciudad, donde se est\u00e1 teniendo que elegir a qu\u00e9 pacientes se llevan a Terapia y a cu\u00e1les no.<\/p>\n\n\n\n<p>Es m\u00e1s que preocupante la cantidad de arrecife\u00f1os que est\u00e1n muriendo a causa del coronavirus en los \u00faltimos d\u00edas. Suena duro, pero lamentablemente es la realidad que nos castiga.<\/p>\n\n\n\n<p>Ayer martes fueron cuatro las v\u00edctimas fatales y dos m\u00e1s hoy, hasta el mediod\u00eda.<\/p>\n\n\n\n<p>El \u00faltimo deceso confirmado por la Secretar\u00eda de Salud de la Municipalidad de Arrecifes, a las 13:00 de este mi\u00e9rcoles, es el de un paciente de 75 a\u00f1os de edad que se encontraba internado en el Hospital Santa Francisca con patolog\u00edas preexistentes.<\/p>\n\n\n\n<p>Ya llevamos 39 personas fallecidas a causa de la pandemia, 15 de ellas en los \u00faltimos 10 d\u00edas.<\/p>\n\n\n\n<p>La Terapia Intensiva para Covid dispuesta en nuestro Hospital est\u00e1 saturada. Cuenta con cinco camas de las que se deja una libre por una eventual emergencia. Y actualmente llegamos al l\u00edmite de tener que elegir a qu\u00e9 pacientes se lleva a Terapia y a cu\u00e1les se deja en el pabell\u00f3n de internaci\u00f3n, que son generalmente las personas mayores de 70 a\u00f1os.<\/p>\n\n\n\n<p>Fuente: <a href=\"https:\/\/arrecifesnoticias.com\/sociedad\/nuevo-fallecimiento-por-covid-suman-15-arrecifenos-en-los-ultimos-10-dias\/\">Arrecifes Noticias<\/a><a rel=\"noreferrer noopener\" href=\"https:\/\/www.facebook.com\/dialog\/send?app_id=140586622674265&amp;link=https%3A%2F%2Farrecifesnoticias.com%2Fsociedad%2Fnuevo-fallecimiento-por-covid-suman-15-arrecifenos-en-los-ultimos-10-dias%2F&amp;redirect_uri=https%3A%2F%2Farrecifesnoticias.com%2Fsociedad%2Fnuevo-fallecimiento-por-covid-suman-15-arrecifenos-en-los-ultimos-10-dias%2F\" target=\"_blank\"><\/a><\/p>\n","protected":false},"excerpt":{"rendered":"<p>Es grave la situaci\u00f3n en nuestra ciudad, donde se est\u00e1 teniendo que elegir a qu\u00e9 pacientes se llevan a Terapia y a cu\u00e1les no. Es m\u00e1s que preocupante la cantidad de arrecife\u00f1os que est\u00e1n muriendo a causa del coronavirus en los \u00faltimos d\u00edas. Suena duro, pero lamentablemente es la realidad que nos castiga. Ayer martes [&hellip;]<\/p>\n","protected":false},"author":4,"featured_media":86335,"comment_status":"open","ping_status":"closed","sticky":false,"template":"","format":"standard","meta":{"om_disable_all_campaigns":false,"_jetpack_memberships_contains_paid_content":false,"footnotes":""},"categories":[621],"tags":[],"class_list":["post-86334","post","type-post","status-publish","format-standard","has-post-thumbnail","hentry","category-regionales"],"aioseo_notices":[],"gutentor_comment":0,"jetpack_featured_media_url":"https:\/\/eldiariodesanpedro.com.ar\/sitio\/wp-content\/uploads\/2021\/01\/Terapia-Intensiva.jpg","jetpack_shortlink":"https:\/\/wp.me\/p6RhLt-msu","jetpack_sharing_enabled":true,"_links":{"self":[{"href":"https:\/\/eldiariodesanpedro.com.ar\/sitio\/wp-json\/wp\/v2\/posts\/86334","targetHints":{"allow":["GET"]}}],"collection":[{"href":"https:\/\/eldiariodesanpedro.com.ar\/sitio\/wp-json\/wp\/v2\/posts"}],"about":[{"href":"https:\/\/eldiariodesanpedro.com.ar\/sitio\/wp-json\/wp\/v2\/types\/post"}],"author":[{"embeddable":true,"href":"https:\/\/eldiariodesanpedro.com.ar\/sitio\/wp-json\/wp\/v2\/users\/4"}],"replies":[{"embeddable":true,"href":"https:\/\/eldiariodesanpedro.com.ar\/sitio\/wp-json\/wp\/v2\/comments?post=86334"}],"version-history":[{"count":1,"href":"https:\/\/eldiariodesanpedro.com.ar\/sitio\/wp-json\/wp\/v2\/posts\/86334\/revisions"}],"predecessor-version":[{"id":86336,"href":"https:\/\/eldiariodesanpedro.com.ar\/sitio\/wp-json\/wp\/v2\/posts\/86334\/revisions\/86336"}],"wp:featuredmedia":[{"embeddable":true,"href":"https:\/\/eldiariodesanpedro.com.ar\/sitio\/wp-json\/wp\/v2\/media\/86335"}],"wp:attachment":[{"href":"https:\/\/eldiariodesanpedro.com.ar\/sitio\/wp-json\/wp\/v2\/media?parent=86334"}],"wp:term":[{"taxonomy":"category","embeddable":true,"href":"https:\/\/eldiariodesanpedro.com.ar\/sitio\/wp-json\/wp\/v2\/categories?post=86334"},{"taxonomy":"post_tag","embeddable":true,"href":"https:\/\/eldiariodesanpedro.com.ar\/sitio\/wp-json\/wp\/v2\/tags?post=86334"}],"curies":[{"name":"wp","href":"https:\/\/api.w.org\/{rel}","templated":true}]}}