{"id":86331,"date":"2021-01-20T18:33:34","date_gmt":"2021-01-20T21:33:34","guid":{"rendered":"https:\/\/eldiariodesanpedro.com.ar\/sitio\/?p=86331"},"modified":"2021-01-20T18:33:35","modified_gmt":"2021-01-20T21:33:35","slug":"el-gobernador-axel-kicillof-recibio-la-segunda-dosis-de-la-vacuna","status":"publish","type":"post","link":"https:\/\/eldiariodesanpedro.com.ar\/sitio\/el-gobernador-axel-kicillof-recibio-la-segunda-dosis-de-la-vacuna\/","title":{"rendered":"El gobernador Axel kicillof recibi\u00f3 la segunda dosis de la vacuna"},"content":{"rendered":"<!-- VideographyWP Plugin Message: Automatic video embedding prevented by plugin options. -->\n\n<p>El gobernador Axel Kicillof destac\u00f3 que \u201ca\u00fan en medio de mucha incertidumbre, estamos dando todos los pasos necesarios para que el plan p\u00fablico de vacunaci\u00f3n nos permita terminar con la pandemia\u00bb.<\/p>\n\n\n\n<p>El gobernador de la provincia de Buenos Aires, Axel Kicillof, destac\u00f3 que \u201ca\u00fan en medio de mucha incertidumbre, estamos dando todos los pasos necesarios para que el plan p\u00fablico de vacunaci\u00f3n nos permita terminar con la pandemia\u201d, al recibir hoy la segunda dosis de la vacuna contra el Covid-19 en el Hospital San Juan de Dios de La Plata.<\/p>\n\n\n\n<p>\u201cAl cumplirse los 21 d\u00edas de la aplicaci\u00f3n de la primera dosis, empezamos a completar el esquema de vacunaci\u00f3n del personal de salud m\u00e1s expuesto al virus\u201d, afirm\u00f3 Kicillof durante una rueda de prensa, y agreg\u00f3: \u201cEn esta primera etapa ya se ha vacunado a 94 mil trabajadores y trabajadoras de terapias intensivas y laboratorios en 169 centros de salud de los 135 municipios de la provincia\u201d.<\/p>\n\n\n\n<p>Asimismo, el Gobernador celebr\u00f3 que la ANMAT haya autorizado la aplicaci\u00f3n de la vacuna Sputnik V para mayores de 60 a\u00f1os: \u201cHemos reservado las dosis para el personal de salud que no hab\u00eda podido vacunarse y ahora, con la llegada de un lote mayor de vacunas, podremos avanzar con los adultos mayores, aquellos que tengan enfermedades preexistentes, los miembros de las fuerzas de seguridad y la comunidad educativa\u201d. \u201cSumaremos 350 escuelas como centros de vacunaci\u00f3n y esperamos alcanzar a un mill\u00f3n y medio de personas inmunizadas en febrero\u201d, se\u00f1al\u00f3.<\/p>\n\n\n\n<p>En ese marco, recibieron la primera dosis el ministro de Salud, Daniel Goll\u00e1n, y la directora ejecutiva del Hospital, Noem\u00ed Logiurato, en tanto que el viceministro Nicol\u00e1s Kreplak complet\u00f3 su proceso de inmunizaci\u00f3n.<\/p>\n\n\n\n<p>\u201cSi nos seguimos cuidando, con la vacuna podremos reducir la circulaci\u00f3n viral y en el segundo semestre ya habremos protegido a los sectores m\u00e1s vulnerables\u201d, explic\u00f3 Goll\u00e1n y a\u00f1adi\u00f3: \u201cTenemos el desaf\u00edo de vacunar a millones de bonaerenses y estamos trabajando junto a los intendentes para asistir a quienes necesiten ayuda en el proceso de inscripci\u00f3n digital\u201d.<\/p>\n\n\n\n<p>\u201cYa contamos con un mill\u00f3n de preinscriptos que se registraron en el sitio&nbsp;<a href=\"http:\/\/www.vacunatepba.gba.gob\/\" target=\"_blank\" rel=\"noreferrer noopener\">www.vacunatepba.gba.gob<\/a>. El objetivo ahora es lograr que se inscriban los grupos de mayor riesgo a medida que vayamos adquiriendo m\u00e1s vacunas\u201d, sostuvo Kicillof, al tiempo que subray\u00f3 que \u201cpara brindar asistencia en la inscripci\u00f3n, contamos con el trabajo de los sindicatos y de los 135 intendentes de la Provincia\u201d.<\/p>\n\n\n\n<p>En el mismo turno, la segunda dosis fue aplicada tambi\u00e9n a la enfermera Juliana Torquati, la trabajadora de limpieza Alejandra Littieri, y la infect\u00f3loga Melisa Solari, coordinadora en el hospital del estudio de Fase III de la vacuna desarrollada por el Beijing Institute of Biotechnology y la biofarmac\u00e9utica china CanSino Biologics.<\/p>\n","protected":false},"excerpt":{"rendered":"<p>El gobernador Axel Kicillof destac\u00f3 que \u201ca\u00fan en medio de mucha incertidumbre, estamos dando todos los pasos necesarios para que el plan p\u00fablico de vacunaci\u00f3n nos permita terminar con la pandemia\u00bb. El gobernador de la provincia de Buenos Aires, Axel Kicillof, destac\u00f3 que \u201ca\u00fan en medio de mucha incertidumbre, estamos dando todos los pasos necesarios [&hellip;]<\/p>\n","protected":false},"author":4,"featured_media":86332,"comment_status":"open","ping_status":"closed","sticky":false,"template":"","format":"standard","meta":{"om_disable_all_campaigns":false,"_jetpack_memberships_contains_paid_content":false,"footnotes":""},"categories":[621],"tags":[],"class_list":["post-86331","post","type-post","status-publish","format-standard","has-post-thumbnail","hentry","category-regionales"],"aioseo_notices":[],"gutentor_comment":0,"jetpack_featured_media_url":"https:\/\/eldiariodesanpedro.com.ar\/sitio\/wp-content\/uploads\/2021\/01\/20210120035351.jpeg","jetpack_shortlink":"https:\/\/wp.me\/p6RhLt-msr","jetpack_sharing_enabled":true,"_links":{"self":[{"href":"https:\/\/eldiariodesanpedro.com.ar\/sitio\/wp-json\/wp\/v2\/posts\/86331","targetHints":{"allow":["GET"]}}],"collection":[{"href":"https:\/\/eldiariodesanpedro.com.ar\/sitio\/wp-json\/wp\/v2\/posts"}],"about":[{"href":"https:\/\/eldiariodesanpedro.com.ar\/sitio\/wp-json\/wp\/v2\/types\/post"}],"author":[{"embeddable":true,"href":"https:\/\/eldiariodesanpedro.com.ar\/sitio\/wp-json\/wp\/v2\/users\/4"}],"replies":[{"embeddable":true,"href":"https:\/\/eldiariodesanpedro.com.ar\/sitio\/wp-json\/wp\/v2\/comments?post=86331"}],"version-history":[{"count":1,"href":"https:\/\/eldiariodesanpedro.com.ar\/sitio\/wp-json\/wp\/v2\/posts\/86331\/revisions"}],"predecessor-version":[{"id":86333,"href":"https:\/\/eldiariodesanpedro.com.ar\/sitio\/wp-json\/wp\/v2\/posts\/86331\/revisions\/86333"}],"wp:featuredmedia":[{"embeddable":true,"href":"https:\/\/eldiariodesanpedro.com.ar\/sitio\/wp-json\/wp\/v2\/media\/86332"}],"wp:attachment":[{"href":"https:\/\/eldiariodesanpedro.com.ar\/sitio\/wp-json\/wp\/v2\/media?parent=86331"}],"wp:term":[{"taxonomy":"category","embeddable":true,"href":"https:\/\/eldiariodesanpedro.com.ar\/sitio\/wp-json\/wp\/v2\/categories?post=86331"},{"taxonomy":"post_tag","embeddable":true,"href":"https:\/\/eldiariodesanpedro.com.ar\/sitio\/wp-json\/wp\/v2\/tags?post=86331"}],"curies":[{"name":"wp","href":"https:\/\/api.w.org\/{rel}","templated":true}]}}