{"id":86328,"date":"2021-01-20T18:31:10","date_gmt":"2021-01-20T21:31:10","guid":{"rendered":"https:\/\/eldiariodesanpedro.com.ar\/sitio\/?p=86328"},"modified":"2021-01-20T18:31:17","modified_gmt":"2021-01-20T21:31:17","slug":"daniel-gollan-fue-la-primera-persona-mayor-de-60-anos-en-recibir-la-vacuna-rusa-contra-el-coronavirus-en-argentina","status":"publish","type":"post","link":"https:\/\/eldiariodesanpedro.com.ar\/sitio\/daniel-gollan-fue-la-primera-persona-mayor-de-60-anos-en-recibir-la-vacuna-rusa-contra-el-coronavirus-en-argentina\/","title":{"rendered":"Daniel Goll\u00e1n fue la primera persona mayor de 60 a\u00f1os en recibir la vacuna rusa contra el coronavirus en Argentina"},"content":{"rendered":"<!-- VideographyWP Plugin Message: Automatic video embedding prevented by plugin options. -->\n\n<p>El ministro de Salud bonaerense difundi\u00f3 im\u00e1genes del momento. Axel Kicillof, por su parte, se aplic\u00f3 la segunda dosis de la Sputnik V.<\/p>\n\n\n\n<p>Despu\u00e9s de que la Administraci\u00f3n Nacional de Medicamentos, Alimentos y Tecnolog\u00eda M\u00e9dica (ANMAT) oficializara que la vacuna rusa Sputnik V puede ser aplicada a mayores de 60 a\u00f1os, el ministro de Salud de la provincia de Buenos Aires, Daniel Goll\u00e1n, de 65 a\u00f1os, recibi\u00f3 este mi\u00e9rcoles la primera dosis del inoculante contra el coronavirus, en el Hospital Provincial San Juan de Dios de La Plata.<\/p>\n\n\n\n<p>De esta manera, se convirti\u00f3 en el primer argentino mayor de 60 a\u00f1os en aplicarse la Sputnik V. Una vez vacunado, public\u00f3 un mensaje a trav\u00e9s de su cuenta oficial en Twitter: \u201cHoy me vacun\u00e9 con la misma esperanza de millones de argentinos que queremos el fin de la pandemia y sabemos que este es el camino\u201d.<\/p>\n\n\n\n<p>Adem\u00e1s de Goll\u00e1n, el gobernador de la provincia de Buenos Aires, Axel Kicillof, recibi\u00f3 la segunda dosis del inoculante ruso, a 21 d\u00edas de recibir la primera, al igual que el viceministro de Salud bonaerense, Nicol\u00e1s Kreplak.<\/p>\n\n\n\n<p>\u201cHemos reservado las dosis para el personal de salud que no hab\u00eda podido vacunarse y ahora, con la llegada de un lote mayor de vacunas, podemos avanzar con los adultos mayores, aquellos que tengan enfermedades preexistentes, los miembros de las fuerzas de seguridad y la comunidad educativa\u201d, se\u00f1al\u00f3 Kicillof despu\u00e9s de recibir la vacuna.<\/p>\n\n\n\n<p>Adem\u00e1s, detall\u00f3 que durante la primera etapa del plan de vacunaci\u00f3n se ha aplicado el inoculante a \u201c94 mil trabajadores y trabajadoras de terapias intensivas y laboratorios en 169 centros de salud de los 135 municipios de la provincia\u201d. Y precis\u00f3 que para la campa\u00f1a bonaerense se sumar\u00e1n 250 escuelas como centros de vacunaci\u00f3n, y esperan alcanzar a un mill\u00f3n y medio de personas inmunizadas en febrero.<\/p>\n\n\n\n<p>Los trabajadores de la salud de la provincia de Buenos Aires, los mismos que comenzaron a inmunizarse a partir del 29 de diciembre pasado, comienzan a recibir la segunda dosis de la vacuna. Al igual que en esa primera etapa, la nueva partida de inoculantes cuenta con 123.000 dosis de la Sputnik V.<\/p>\n\n\n\n<p>En ese sentido, Goll\u00e1n se\u00f1al\u00f3: \u201cSi nos seguimos cuidando, con la vacuna podremos reducir la circulaci\u00f3n viral y en el segundo semestre ya habremos protegido a los sectores m\u00e1s vulnerables. Tenemos el desaf\u00edo de vacunar a millones de bonaerenses y estamos trabajando junto a los intendentes para asistir a quienes necesiten ayuda en el proceso de inscripci\u00f3n digital\u201d.<\/p>\n\n\n\n<p>Despu\u00e9s de los funcionarios fueron inmunizadas la directora ejecutiva del Hospital San Juan de Dios, Noem\u00ed Logiurato, la enfermera Juliana Torquati, la trabajadora de limpieza Alejandra Littieri y la infect\u00f3loga Melisa Solari.<\/p>\n\n\n\n<p>Este mi\u00e9rcoles el gobierno nacional oficializ\u00f3 que la vacuna rusa Sputnik V puede ser aplicada a mayores de 60 a\u00f1os, en base a una recomendaci\u00f3n de la ANMAT.<\/p>\n\n\n\n<p>La Casa Rosada hab\u00eda recibido un dossier enviado desde Mosc\u00fa, que fue traducido y analizado en tiempo r\u00e9cord, en el que se garantizaba la efectividad del medicamento desarrollado por el Instituto Gamaleya. \u201cSe encuentra en un margen aceptable la seguridad, inmunogenicidad y eficacia\u201d, sostiene la ANMAT en su informe, que habilita al Ministerio de Salud a emitir una resoluci\u00f3n oficial que autorizar\u00e1 oficialmente la aplicaci\u00f3n de Sputnik V en el principal grupo de riesgo de la Argentina: alrededor de 7.400.000 adultos que est\u00e1n a merced del COVID-19. Incluido el Presidente.<\/p>\n\n\n\n<p>La definici\u00f3n se esperaba para alg\u00fan d\u00eda de esta semana, seg\u00fan hab\u00eda averiguado Infobae con altas fuentes de Gobierno luego de que el s\u00e1bado llegara desde Mosc\u00fa un documento de m\u00e1s de 200 p\u00e1ginas avalando la eficacia y seguridad de la vacuna producida por el Centro Nacional de Epidemiolog\u00eda y Microbiolog\u00eda de Gamaleya en personas de esa edad.<\/p>\n\n\n\n<p>Tras la autorizaci\u00f3n de la ANMAT, las vacunas empiezan a aplicarse a mayores de 60 a\u00f1os y residentes de geri\u00e1tricos junto al resto de trabajadores de la salud y de las fuerzas de seguridad de todo el pa\u00eds. Luego se avanzar\u00e1 con los docentes, aunque desde el Ministerio de Educaci\u00f3n de la Naci\u00f3n remarcaron que el inicio del ciclo lectivo no estar\u00e1 supeditado a la vacunaci\u00f3n de los maestros.<\/p>\n\n\n\n<p>Las autorizaciones con car\u00e1cter de emergencia \u2013como la que se hab\u00eda otorgado en diciembre a la formulaci\u00f3n\u2013 que reciben los tratamientos y las vacunas contra el nuevo coronavirus SARS-CoV-2 se definen dentro del marco del tiempo pand\u00e9mico que el mundo lleva adelante hace casi 12 meses.<\/p>\n\n\n\n<p>Fuente: infobae<\/p>\n\n\n\n<p><\/p>\n","protected":false},"excerpt":{"rendered":"<p>El ministro de Salud bonaerense difundi\u00f3 im\u00e1genes del momento. Axel Kicillof, por su parte, se aplic\u00f3 la segunda dosis de la Sputnik V. Despu\u00e9s de que la Administraci\u00f3n Nacional de Medicamentos, Alimentos y Tecnolog\u00eda M\u00e9dica (ANMAT) oficializara que la vacuna rusa Sputnik V puede ser aplicada a mayores de 60 a\u00f1os, el ministro de Salud [&hellip;]<\/p>\n","protected":false},"author":4,"featured_media":86329,"comment_status":"open","ping_status":"closed","sticky":false,"template":"","format":"standard","meta":{"om_disable_all_campaigns":false,"_jetpack_memberships_contains_paid_content":false,"footnotes":""},"categories":[621],"tags":[],"class_list":["post-86328","post","type-post","status-publish","format-standard","has-post-thumbnail","hentry","category-regionales"],"aioseo_notices":[],"gutentor_comment":0,"jetpack_featured_media_url":"https:\/\/eldiariodesanpedro.com.ar\/sitio\/wp-content\/uploads\/2021\/01\/Q46DJJ7E4VFKTJV5YZAUJSPF3Q.jpg","jetpack_shortlink":"https:\/\/wp.me\/p6RhLt-mso","jetpack_sharing_enabled":true,"_links":{"self":[{"href":"https:\/\/eldiariodesanpedro.com.ar\/sitio\/wp-json\/wp\/v2\/posts\/86328","targetHints":{"allow":["GET"]}}],"collection":[{"href":"https:\/\/eldiariodesanpedro.com.ar\/sitio\/wp-json\/wp\/v2\/posts"}],"about":[{"href":"https:\/\/eldiariodesanpedro.com.ar\/sitio\/wp-json\/wp\/v2\/types\/post"}],"author":[{"embeddable":true,"href":"https:\/\/eldiariodesanpedro.com.ar\/sitio\/wp-json\/wp\/v2\/users\/4"}],"replies":[{"embeddable":true,"href":"https:\/\/eldiariodesanpedro.com.ar\/sitio\/wp-json\/wp\/v2\/comments?post=86328"}],"version-history":[{"count":1,"href":"https:\/\/eldiariodesanpedro.com.ar\/sitio\/wp-json\/wp\/v2\/posts\/86328\/revisions"}],"predecessor-version":[{"id":86330,"href":"https:\/\/eldiariodesanpedro.com.ar\/sitio\/wp-json\/wp\/v2\/posts\/86328\/revisions\/86330"}],"wp:featuredmedia":[{"embeddable":true,"href":"https:\/\/eldiariodesanpedro.com.ar\/sitio\/wp-json\/wp\/v2\/media\/86329"}],"wp:attachment":[{"href":"https:\/\/eldiariodesanpedro.com.ar\/sitio\/wp-json\/wp\/v2\/media?parent=86328"}],"wp:term":[{"taxonomy":"category","embeddable":true,"href":"https:\/\/eldiariodesanpedro.com.ar\/sitio\/wp-json\/wp\/v2\/categories?post=86328"},{"taxonomy":"post_tag","embeddable":true,"href":"https:\/\/eldiariodesanpedro.com.ar\/sitio\/wp-json\/wp\/v2\/tags?post=86328"}],"curies":[{"name":"wp","href":"https:\/\/api.w.org\/{rel}","templated":true}]}}