{"id":8632,"date":"2016-10-05T19:10:33","date_gmt":"2016-10-05T22:10:33","guid":{"rendered":"https:\/\/eldiariodesanpedro.com.ar\/sitio\/?p=8632"},"modified":"2016-10-05T19:10:33","modified_gmt":"2016-10-05T22:10:33","slug":"el-municipio-cumplio-con-uno-de-los-reclamos-pero-los-afiliados-a-cicop-hicieron-paro","status":"publish","type":"post","link":"https:\/\/eldiariodesanpedro.com.ar\/sitio\/el-municipio-cumplio-con-uno-de-los-reclamos-pero-los-afiliados-a-cicop-hicieron-paro\/","title":{"rendered":"El municipio cumpli\u00f3 con uno de los reclamos, pero los afiliados a CICOP hicieron paro"},"content":{"rendered":"<p><!-- VideographyWP Plugin Message: Automatic video embedding prevented by plugin options. --><br \/>\nSe llev\u00f3 a cabo el martes una nueva reuni\u00f3n entre autoridades municipales e integrantes del gremio con el objetivo de llegar a un acuerdo con algunos de los reclamos que los profesionales de salud est\u00e1n reclamando desde hace tiempo.<br \/>\nEn ese sentido, Susana Gonzalo, delegada local del gremio, se\u00f1al\u00f3: \u201cEl municipio nos inform\u00f3 que cumpli\u00f3 con las recategorizaciones y, con respecto a la deuda, nos ofrecieron a fin de mes calcularla y buscar una forma de pago\u201d.<br \/>\nEn tanto que otro de los reclamos y que tiene que ver con el retraso del pago de los sueldos con respecto al resto de los empleados municipales, explic\u00f3 que acordaron con integrantes del Ejecutivo municipal que \u201cen diciembre o antes volver\u00e1 a hablar para acortar la brecha de pago\u201d. \u201cPor otro lado, antes de fin de a\u00f1o se har\u00e1 un concurso para aquellos profesionales que est\u00e1n m\u00e1s precarizados\u201d, se\u00f1al\u00f3.<br \/>\nEn la asamblea que se desarroll\u00f3 luego del encuentro se determin\u00f3, como contrapropuesta,  \u201cpedir el detalle\u201d, ya que consideran que \u201cqued\u00f3 un grupo minoritario sin recategorizar\u201d. Y en relaci\u00f3n a la deuda solicitan que quede por escrito la forma de pago del total de la deuda (2014 a 2016).<br \/>\nSin embargo, se decidi\u00f3 continuar con la adhesi\u00f3n al paro provincial que el gremio llev\u00f3 a cabo ayer y contin\u00faa hoy. <\/p>\n<p>Enojo del Ejecutivo municipal<\/p>\n<p>Luego de que los profesionales de la salud decidieron adherirse a la medida de fuerza adoptada por los afiliados al gremio CICOP, despu\u00e9s de la reuni\u00f3n que se celebr\u00f3 ayer, el secretario de Gobierno, Silvio Corti, se mostr\u00f3 molesto con la situaci\u00f3n.<br \/>\n\u201cLa verdad es que estamos que muy sorprendidos. Honestamente creo que es una actitud irresponsable de cuatro o cinco m\u00e9dicos hoy los vecinos de San Pedro tienen que soportar un paro que no me consta, ni que todos los m\u00e9dicos est\u00e9n de acuerdo y no que queda claro tampoco la posici\u00f3n del gremio, porque ayer tuvimos una muy buena reuni\u00f3n, el gobierno local ha ido cumpliendo con los compromisos que asumi\u00f3\u201d. En ese sentido, ejemplific\u00f3: \u201cRecategorizaci\u00f3n a los m\u00e9dicos que van cumpliendo con la antig\u00fcedad que les permite progresar en su carrera, reconociendo que desde el estado local se les debe desde hace mucho a los m\u00e9dicos, aumento de guardias que estamos recalculando y que vamos a hacer una oferta de pago, se han comenzado a pagar las guardias con el aumento previsto\u201d.<br \/>\nEn tanto, el funcionario recalc\u00f3 la iniciativa de la gesti\u00f3n de mejorar el sistema p\u00fablico de salud, \u201calgunos que se olvidan de qu\u00e9 situaci\u00f3n venimos\u201d, sostuvo y agreg\u00f3: \u201cVenimos de muchos paros de m\u00e9dicos por una situaci\u00f3n infinitamente m\u00e1s grave a la actual y sin embargo como todos estos compromisos cumplidos y  asumidos nos pagan con esta misma moneda, insisto, en una actitud absolutamente irresponsable\u201d.<br \/>\nLuego opin\u00f3: \u201cEs inentendible lo que est\u00e1n haciendo los m\u00e9dicos\u201d. \u201cDeber\u00edan saber que cuando hacen una medida de estas caracter\u00edsticas, el paro no se lo est\u00e1n haciendo el intendente, sino a los vecinos de San Pedro que necesitan del Hospital hoy m\u00e1s que nunca y no pueden ir a atenderse\u201d.<br \/>\nUno de los requisitos para no adoptar las medidas de fuerza es que se \u201cfirme\u201d lo charlado, seg\u00fan decidi\u00f3 la asamblea. \u201cNo hay ning\u00fan problema en generar un acta en donde se firme lo que se habla, de hecho las conversaciones son absolutamente transparentes\u201d. Y plante\u00f3: \u201cEntonces con qui\u00e9n discutimos nosotros, si ellos mismos no respetan a los dirigentes que vinieron a dialogar con el Ejecutivo\u201d. \u201cSi no vamos a tener que ir a hablar con cada uno de ellos, \u00bfpara qu\u00e9 est\u00e1 el gremio entonces?\u201d.<br \/>\nEn tanto, Corti no descart\u00f3 la posibilidad de tomar alguna medida: \u201cLo vamos a evaluar en el gabinete y con el intendente\u201d.<\/p>\n<p>Paro provincial<\/p>\n<p>Paralelamente a los reclamos puntuales que se desarrollan localmente, los profesionales de la salud de los hospitales p\u00fablicos bonaerenses resolvieron endurecer su postura y ayer comenzaron un paro de 48 horas. Cabe recordar que se rechaz\u00f3 la tercera propuesta paritaria \u201cdel segundo semestre\u201d del gobierno de Mar\u00eda Eugenia Vidal realizada el pasado viernes 30 de septiembre.<br \/>\nLa gobernadora \u201celev\u00f3 a un promedio de 34% el aumento salarial para los ingresantes, tomando de base diciembre de 2015 a diciembre de 2016. Estos estos m\u00e9dicos y profesionales de la salud hoy ganan 15 mil pesos y con el aumento seguir\u00edan sin cubrir siquiera la canasta b\u00e1sica, ubicada en los 20 mil pesos, y con una inflaci\u00f3n interanual que organismos estatales y privados fijan por arriba del 45 por ciento\u201d, asegur\u00f3 expres\u00f3 el presidente del gremio, Fernando Corsiglia.<\/p>\n","protected":false},"excerpt":{"rendered":"<p>Se llev\u00f3 a cabo el martes una nueva reuni\u00f3n entre autoridades municipales e integrantes del gremio con el objetivo de llegar a un acuerdo con algunos de los reclamos que los profesionales de salud est\u00e1n reclamando desde hace tiempo. En ese sentido, Susana Gonzalo, delegada local del gremio, se\u00f1al\u00f3: \u201cEl municipio nos inform\u00f3 que cumpli\u00f3 [&hellip;]<\/p>\n","protected":false},"author":4,"featured_media":8633,"comment_status":"open","ping_status":"closed","sticky":false,"template":"","format":"standard","meta":{"om_disable_all_campaigns":false,"_jetpack_memberships_contains_paid_content":false,"footnotes":""},"categories":[50,2,102],"tags":[],"class_list":["post-8632","post","type-post","status-publish","format-standard","has-post-thumbnail","hentry","category-destacadas","category-locales","category-politica-locales"],"aioseo_notices":[],"gutentor_comment":0,"jetpack_featured_media_url":"https:\/\/eldiariodesanpedro.com.ar\/sitio\/wp-content\/uploads\/2016\/10\/PAGINA-5-2.jpg","jetpack_shortlink":"https:\/\/wp.me\/p6RhLt-2fe","jetpack_sharing_enabled":true,"_links":{"self":[{"href":"https:\/\/eldiariodesanpedro.com.ar\/sitio\/wp-json\/wp\/v2\/posts\/8632","targetHints":{"allow":["GET"]}}],"collection":[{"href":"https:\/\/eldiariodesanpedro.com.ar\/sitio\/wp-json\/wp\/v2\/posts"}],"about":[{"href":"https:\/\/eldiariodesanpedro.com.ar\/sitio\/wp-json\/wp\/v2\/types\/post"}],"author":[{"embeddable":true,"href":"https:\/\/eldiariodesanpedro.com.ar\/sitio\/wp-json\/wp\/v2\/users\/4"}],"replies":[{"embeddable":true,"href":"https:\/\/eldiariodesanpedro.com.ar\/sitio\/wp-json\/wp\/v2\/comments?post=8632"}],"version-history":[{"count":1,"href":"https:\/\/eldiariodesanpedro.com.ar\/sitio\/wp-json\/wp\/v2\/posts\/8632\/revisions"}],"predecessor-version":[{"id":8634,"href":"https:\/\/eldiariodesanpedro.com.ar\/sitio\/wp-json\/wp\/v2\/posts\/8632\/revisions\/8634"}],"wp:featuredmedia":[{"embeddable":true,"href":"https:\/\/eldiariodesanpedro.com.ar\/sitio\/wp-json\/wp\/v2\/media\/8633"}],"wp:attachment":[{"href":"https:\/\/eldiariodesanpedro.com.ar\/sitio\/wp-json\/wp\/v2\/media?parent=8632"}],"wp:term":[{"taxonomy":"category","embeddable":true,"href":"https:\/\/eldiariodesanpedro.com.ar\/sitio\/wp-json\/wp\/v2\/categories?post=8632"},{"taxonomy":"post_tag","embeddable":true,"href":"https:\/\/eldiariodesanpedro.com.ar\/sitio\/wp-json\/wp\/v2\/tags?post=8632"}],"curies":[{"name":"wp","href":"https:\/\/api.w.org\/{rel}","templated":true}]}}