{"id":86313,"date":"2021-01-20T11:56:28","date_gmt":"2021-01-20T14:56:28","guid":{"rendered":"https:\/\/eldiariodesanpedro.com.ar\/sitio\/?p=86313"},"modified":"2021-01-20T11:56:29","modified_gmt":"2021-01-20T14:56:29","slug":"kicillof-confirmo-la-vuelta-de-clases-presenciales-para-el-1-de-marzo-pero-advirtio-que-no-va-a-ser-como-antes","status":"publish","type":"post","link":"https:\/\/eldiariodesanpedro.com.ar\/sitio\/kicillof-confirmo-la-vuelta-de-clases-presenciales-para-el-1-de-marzo-pero-advirtio-que-no-va-a-ser-como-antes\/","title":{"rendered":"Kicillof confirm\u00f3 la vuelta de clases presenciales para el 1\u00b0 de marzo, pero advirti\u00f3 que \u201cno va a ser como antes\u201d"},"content":{"rendered":"<!-- VideographyWP Plugin Message: Automatic video embedding prevented by plugin options. -->\n\n<p>El gobernador bonaerense, Axel Kicillof, confirm\u00f3 este martes que las clases presenciales comenzar\u00e1n el 1\u00b0 de marzo en la provincia de Buenos Aires, pero con una \u201cnueva normalidad\u201d que contempla el trabajo con grupos m\u00e1s peque\u00f1os e incluye que parte de las cursadas se desarrollen de manera virtual.<\/p>\n\n\n\n<p>En una conferencia de prensa realizada tras reunirse con una veintena de intendentes bonaerenses, Kicillof puso dos fechas para la vuelta a las clases presenciales: el 17 de febrero, cuando se iniciar\u00e1 un \u201cproceso de identificaci\u00f3n\u201d con estudiantes que no pudieron sostener la virtualidad en 2020; y el 1\u00b0 de marzo el comienzo general de las clases.<\/p>\n\n\n\n<p>De todos modos, el mandatario advirti\u00f3 que ser\u00e1 un retorno adaptado a la \u201cnueva modalidad\u201d. \u201cLa presencialidad no va a ser como antes: se trabaja con menos chicos, se desdoblan los grupos\u201d, asegur\u00f3.<\/p>\n\n\n\n<p>En ese marco, detall\u00f3 que \u201cse terminar\u00e1 combinando presencialidad y virtualidad, pero con la posibilidad de hacerlo de una manera distinta a lo que fue este a\u00f1o\u201d.<\/p>\n\n\n\n<p><em><strong>\u201cNo va a haber clases normales\u201d&nbsp;<\/strong><\/em><\/p>\n\n\n\n<p>El ministro de Salud bonaerense, Daniel Gollan, asegur\u00f3 que \u201cnuestra intenci\u00f3n es comenzar este a\u00f1o con presencialidad\u201d, pero advirti\u00f3 que \u201chay una serie de factores y requisitos para que eso suceda\u201d.<\/p>\n\n\n\n<p>\u201cVa a ser una actividad especial, no va a haber clases normales. Una de las medidas de seguridad es la vacunaci\u00f3n, as\u00ed que est\u00e1n dentro de los sectores priorizados: trataremos que todos los docentes est\u00e9n vacunados e ir vacunando en las familias a las personas con comorbilidades para que si los chicos son portadores no los contagien\u201d.<\/p>\n\n\n\n<p>M\u00e1s temprano, el jefe de Gabinete provincial, Carlos Bianco, consider\u00f3 \u201cabsolutamente necesario regresar a la presencialidad\u201d en las escuelas del distrito, al tiempo que destac\u00f3 que el objetivo del gobierno \u201ces volver a la presencialidad en marzo\u201d.<\/p>\n\n\n\n<p>\u201cNuestro objetivo es a partir de marzo volver a la presencialidad, estamos trabajando en ese sentido, obviamente con la vacunaci\u00f3n de docentes, con los protocolos que est\u00e1n realizados por parte de nuestra Direcci\u00f3n General de Cultura y Educaci\u00f3n\u201d, afirm\u00f3.<\/p>\n\n\n\n<p>Fuente: <a href=\"https:\/\/dib.com.ar\/2021\/01\/kicillof-confirmo-la-vuelta-de-clases-presenciales-para-el-1-de-marzo-pero-advirtio-que-no-va-a-ser-como-antes\/\">Diarios Bonaerenses<\/a><\/p>\n","protected":false},"excerpt":{"rendered":"<p>El gobernador bonaerense, Axel Kicillof, confirm\u00f3 este martes que las clases presenciales comenzar\u00e1n el 1\u00b0 de marzo en la provincia de Buenos Aires, pero con una \u201cnueva normalidad\u201d que contempla el trabajo con grupos m\u00e1s peque\u00f1os e incluye que parte de las cursadas se desarrollen de manera virtual. En una conferencia de prensa realizada tras [&hellip;]<\/p>\n","protected":false},"author":4,"featured_media":86314,"comment_status":"open","ping_status":"closed","sticky":false,"template":"","format":"standard","meta":{"om_disable_all_campaigns":false,"_jetpack_memberships_contains_paid_content":false,"footnotes":""},"categories":[621],"tags":[],"class_list":["post-86313","post","type-post","status-publish","format-standard","has-post-thumbnail","hentry","category-regionales"],"aioseo_notices":[],"gutentor_comment":0,"jetpack_featured_media_url":"https:\/\/eldiariodesanpedro.com.ar\/sitio\/wp-content\/uploads\/2021\/01\/Kicillof-conferencia.png","jetpack_shortlink":"https:\/\/wp.me\/p6RhLt-ms9","jetpack_sharing_enabled":true,"_links":{"self":[{"href":"https:\/\/eldiariodesanpedro.com.ar\/sitio\/wp-json\/wp\/v2\/posts\/86313","targetHints":{"allow":["GET"]}}],"collection":[{"href":"https:\/\/eldiariodesanpedro.com.ar\/sitio\/wp-json\/wp\/v2\/posts"}],"about":[{"href":"https:\/\/eldiariodesanpedro.com.ar\/sitio\/wp-json\/wp\/v2\/types\/post"}],"author":[{"embeddable":true,"href":"https:\/\/eldiariodesanpedro.com.ar\/sitio\/wp-json\/wp\/v2\/users\/4"}],"replies":[{"embeddable":true,"href":"https:\/\/eldiariodesanpedro.com.ar\/sitio\/wp-json\/wp\/v2\/comments?post=86313"}],"version-history":[{"count":1,"href":"https:\/\/eldiariodesanpedro.com.ar\/sitio\/wp-json\/wp\/v2\/posts\/86313\/revisions"}],"predecessor-version":[{"id":86315,"href":"https:\/\/eldiariodesanpedro.com.ar\/sitio\/wp-json\/wp\/v2\/posts\/86313\/revisions\/86315"}],"wp:featuredmedia":[{"embeddable":true,"href":"https:\/\/eldiariodesanpedro.com.ar\/sitio\/wp-json\/wp\/v2\/media\/86314"}],"wp:attachment":[{"href":"https:\/\/eldiariodesanpedro.com.ar\/sitio\/wp-json\/wp\/v2\/media?parent=86313"}],"wp:term":[{"taxonomy":"category","embeddable":true,"href":"https:\/\/eldiariodesanpedro.com.ar\/sitio\/wp-json\/wp\/v2\/categories?post=86313"},{"taxonomy":"post_tag","embeddable":true,"href":"https:\/\/eldiariodesanpedro.com.ar\/sitio\/wp-json\/wp\/v2\/tags?post=86313"}],"curies":[{"name":"wp","href":"https:\/\/api.w.org\/{rel}","templated":true}]}}