{"id":86310,"date":"2021-01-20T11:53:16","date_gmt":"2021-01-20T14:53:16","guid":{"rendered":"https:\/\/eldiariodesanpedro.com.ar\/sitio\/?p=86310"},"modified":"2021-01-20T11:53:17","modified_gmt":"2021-01-20T14:53:17","slug":"san-nicolas-un-joven-recibio-un-disparo-en-un-enfrentamiento-luego-de-una-clandestina","status":"publish","type":"post","link":"https:\/\/eldiariodesanpedro.com.ar\/sitio\/san-nicolas-un-joven-recibio-un-disparo-en-un-enfrentamiento-luego-de-una-clandestina\/","title":{"rendered":"SAN NICOL\u00c1S | Un joven recibi\u00f3 un disparo en un enfrentamiento luego de una \u00abclandestina\u00bb"},"content":{"rendered":"<!-- VideographyWP Plugin Message: Automatic video embedding prevented by plugin options. -->\n\n<p>Luego de una fiesta clandestina se habr\u00eda producido un enfrentamiento entre bandas a los tiros, del que result\u00f3 herido un joven de 20 a\u00f1os. Los familiares afirmaron que hab\u00eda sido un disparo policial, pero llamados al 911 confirman la versi\u00f3n oficial. El hecho ocurri\u00f3 el s\u00e1bado a la madrugada pero los detalles trascendieron hoy. A las seis de la ma\u00f1ana ingres\u00f3 por sus propios medios al hospital San Felipe el joven de 20 a\u00f1os Alan Nahuel Bres, con una herida en el lado derecho del t\u00f3rax.<\/p>\n\n\n\n<p>Versi\u00f3n de familiares<br>Familiares del joven declararon que encontr\u00e1ndose en el cruce de avenida Rucci y Juana de Huella, luego de retirarse de una fiesta clandestina, recibi\u00f3 un impacto de arma de fuego del que responsabilizaron a personal policial.El muchacho fue intervenido quir\u00fargicamente en el Hospital y result\u00f3 sin riesgo de vida. El proyectil hab\u00eda ingresado por el lado derecho del pecho sin orificio de salida, seg\u00fan especific\u00f3 el m\u00e9dico de la Polic\u00eda que observ\u00f3 a la v\u00edctima.<\/p>\n\n\n\n<p>Tiroteo entre bandas<br>Durante la investigaci\u00f3n del hecho se consult\u00f3 por diferentes llamados telef\u00f3nicos a Emergencias 911, logr\u00e1ndose establecer la existencia de un contacto por una fiesta clandestina a las 4 de la ma\u00f1ana, con cierre del evento a las 4.02 y posteriormente, seg\u00fan los investigadores, a las 4.47 la entrada de un llamado dando aviso de un enfrentamiento entre dos bandas en Ameghino entre J. De la Torre y calle sin nombre.Intervino la UFI N\u00ba 1, que dispuso que preventivamente la Polic\u00eda Federal realice la instrucci\u00f3n de la causa.<\/p>\n\n\n\n<p>Fuente: <a href=\"https:\/\/www.diarioelnorte.com.ar\/\">Diario El Norte<\/a><\/p>\n","protected":false},"excerpt":{"rendered":"<p>Luego de una fiesta clandestina se habr\u00eda producido un enfrentamiento entre bandas a los tiros, del que result\u00f3 herido un joven de 20 a\u00f1os. Los familiares afirmaron que hab\u00eda sido un disparo policial, pero llamados al 911 confirman la versi\u00f3n oficial. El hecho ocurri\u00f3 el s\u00e1bado a la madrugada pero los detalles trascendieron hoy. A [&hellip;]<\/p>\n","protected":false},"author":4,"featured_media":86311,"comment_status":"open","ping_status":"closed","sticky":false,"template":"","format":"standard","meta":{"om_disable_all_campaigns":false,"_jetpack_memberships_contains_paid_content":false,"footnotes":""},"categories":[621],"tags":[],"class_list":["post-86310","post","type-post","status-publish","format-standard","has-post-thumbnail","hentry","category-regionales"],"aioseo_notices":[],"gutentor_comment":0,"jetpack_featured_media_url":"https:\/\/eldiariodesanpedro.com.ar\/sitio\/wp-content\/uploads\/2021\/01\/disparo-al-aire.jpg","jetpack_shortlink":"https:\/\/wp.me\/p6RhLt-ms6","jetpack_sharing_enabled":true,"_links":{"self":[{"href":"https:\/\/eldiariodesanpedro.com.ar\/sitio\/wp-json\/wp\/v2\/posts\/86310","targetHints":{"allow":["GET"]}}],"collection":[{"href":"https:\/\/eldiariodesanpedro.com.ar\/sitio\/wp-json\/wp\/v2\/posts"}],"about":[{"href":"https:\/\/eldiariodesanpedro.com.ar\/sitio\/wp-json\/wp\/v2\/types\/post"}],"author":[{"embeddable":true,"href":"https:\/\/eldiariodesanpedro.com.ar\/sitio\/wp-json\/wp\/v2\/users\/4"}],"replies":[{"embeddable":true,"href":"https:\/\/eldiariodesanpedro.com.ar\/sitio\/wp-json\/wp\/v2\/comments?post=86310"}],"version-history":[{"count":1,"href":"https:\/\/eldiariodesanpedro.com.ar\/sitio\/wp-json\/wp\/v2\/posts\/86310\/revisions"}],"predecessor-version":[{"id":86312,"href":"https:\/\/eldiariodesanpedro.com.ar\/sitio\/wp-json\/wp\/v2\/posts\/86310\/revisions\/86312"}],"wp:featuredmedia":[{"embeddable":true,"href":"https:\/\/eldiariodesanpedro.com.ar\/sitio\/wp-json\/wp\/v2\/media\/86311"}],"wp:attachment":[{"href":"https:\/\/eldiariodesanpedro.com.ar\/sitio\/wp-json\/wp\/v2\/media?parent=86310"}],"wp:term":[{"taxonomy":"category","embeddable":true,"href":"https:\/\/eldiariodesanpedro.com.ar\/sitio\/wp-json\/wp\/v2\/categories?post=86310"},{"taxonomy":"post_tag","embeddable":true,"href":"https:\/\/eldiariodesanpedro.com.ar\/sitio\/wp-json\/wp\/v2\/tags?post=86310"}],"curies":[{"name":"wp","href":"https:\/\/api.w.org\/{rel}","templated":true}]}}