{"id":86307,"date":"2021-01-20T11:51:19","date_gmt":"2021-01-20T14:51:19","guid":{"rendered":"https:\/\/eldiariodesanpedro.com.ar\/sitio\/?p=86307"},"modified":"2021-01-20T11:51:23","modified_gmt":"2021-01-20T14:51:23","slug":"baradero-el-intendente-firmo-un-convenio-marco-para-la-reconstruccion-del-acceso-principal-de-alsina","status":"publish","type":"post","link":"https:\/\/eldiariodesanpedro.com.ar\/sitio\/baradero-el-intendente-firmo-un-convenio-marco-para-la-reconstruccion-del-acceso-principal-de-alsina\/","title":{"rendered":"BARADERO | El intendente firm\u00f3 un convenio marco para la reconstrucci\u00f3n del acceso principal de Alsina"},"content":{"rendered":"<!-- VideographyWP Plugin Message: Automatic video embedding prevented by plugin options. -->\n\n<p>En la ma\u00f1ana del lunes el intendente Esteban Sanzio recibi\u00f3 al administrador general de la Direcci\u00f3n Nacional de Vialidad, Gustavo Arrieta y a su equipo para la concreci\u00f3n de la firma del Convenio Marco \u201cRedes Conexas\u201d que consiste en una inversi\u00f3n de aproximadamente 70 millones de pesos para la reconstrucci\u00f3n del acceso principal de la localidad de Alsina desde la Ruta Nacional N\u00b09.<\/p>\n\n\n\n<p>La jornada comenz\u00f3 en el despacho del jefe comunal, quien recibi\u00f3 a Gustavo Arrieta y su equipo compuesto por el gerente ejecutivo, Jorge Ra\u00fal Ruesga; el asesor de asuntos municipales, Marcelo Sosa y el asesor de asuntos interjurisdiccionales, Fausto Graves, para mantener una reuni\u00f3n previa al acto de la firma del convenio marco.<\/p>\n\n\n\n<p>El acto se llev\u00f3 adelante en el sal\u00f3n del Honorable Concejo Deliberante, donde las autoridades procedieron a la firma del convenio \u201cRedes Conexas\u201d para mejorar la transitabilidad y seguridad vial en el acceso principal a la localidad de Alsina.<\/p>\n\n\n\n<p>Al finalizar la firma del convenio marco, el intendente Esteban Sanzio expres\u00f3:&nbsp;<em>\u201cEs una noticia que no deja de alegrarnos y tiene que ver con mejorar la calidad de vida de nuestra gente. Vamos a poder hacer realidad la repavimentaci\u00f3n del camino a Alsina. Agradecemos a Gustavo por estar al servicio de las necesidades de nuestra ciudad. Hemos escuchado hablar de los problemas estructurales de las delegaciones durante mucho tiempo. Despu\u00e9s de un a\u00f1o donde tuvimos meses complicados, tener la posibilidad de llevar adelante obras que definitivamente van a cambiar la calidad de vida de los vecinos de las localidades y de nuestra ciudad para nosotros es muy importante. Vamos a poder hacer todo el bacheo, poner en marcha la reconstrucci\u00f3n de nuestro pa\u00eds y de la ciudad a trav\u00e9s de la obra p\u00fablica. Es una gran satisfacci\u00f3n que firmemos este convenio y anunciamos esta obra.\u201d<\/em><\/p>\n\n\n\n<p>Por su parte, Arrieta manifest\u00f3: \u201cFirmar este convenio es muy importante porque cada vez que podemos conectar a una comunidad que ve limitado su proceso de desarrollo nos llena de orgullo, y m\u00e1s a\u00fan con este intendente y esta comunidad pujante, llena de identidad y de valores como es Baradero.\u201d<\/p>\n\n\n\n<p>Adem\u00e1s, la autoridad de la Direcci\u00f3n de Vialidad Nacional afirm\u00f3 su compromiso para que se pueda continuar con el programa de Recuperaci\u00f3n de Calles \u201cBaradero II\u201d, cuya primera etapa ya se complet\u00f3.<\/p>\n\n\n\n<p>Tambi\u00e9n participaron del acto el presidente de Corredores Viales SA, Gustavo Atanasof; el secretario de modernizaci\u00f3n y gesti\u00f3n p\u00fablica, Rodrigo Garc\u00eda Otero; el secretario de obras y servicios p\u00fablicos, Ariel Sprenger; el coordinador de municipios del Ministerio del\u00a0Interior, Daniel Ravettino; el director de delegaciones, Julio Genoud; la delegada de Alsina, Mar\u00eda Ang\u00e9lica Al\u00ed; el presidente del Honorable Concejo Deliberante, Rodolfo Lacabanne; los concejales por el Frente de Todos Mayra Podest\u00e1, Diego Basterrica, Gabriela Herrera, Silvana Sosa y Guillermo Paniagua.<\/p>\n\n\n\n<p>Fuente: <a href=\"https:\/\/www.baraderoteinforma.com.ar\/el-intendente-firmo-un-convenio-marco-para-la-reconstruccion-del-acceso-principal-de-alsina\/\">Baradero Te Informa<\/a><\/p>\n","protected":false},"excerpt":{"rendered":"<p>En la ma\u00f1ana del lunes el intendente Esteban Sanzio recibi\u00f3 al administrador general de la Direcci\u00f3n Nacional de Vialidad, Gustavo Arrieta y a su equipo para la concreci\u00f3n de la firma del Convenio Marco \u201cRedes Conexas\u201d que consiste en una inversi\u00f3n de aproximadamente 70 millones de pesos para la reconstrucci\u00f3n del acceso principal de la [&hellip;]<\/p>\n","protected":false},"author":4,"featured_media":86308,"comment_status":"open","ping_status":"closed","sticky":false,"template":"","format":"standard","meta":{"om_disable_all_campaigns":false,"_jetpack_memberships_contains_paid_content":false,"footnotes":""},"categories":[621],"tags":[],"class_list":["post-86307","post","type-post","status-publish","format-standard","has-post-thumbnail","hentry","category-regionales"],"aioseo_notices":[],"gutentor_comment":0,"jetpack_featured_media_url":"https:\/\/eldiariodesanpedro.com.ar\/sitio\/wp-content\/uploads\/2021\/01\/FIRMA.png","jetpack_shortlink":"https:\/\/wp.me\/p6RhLt-ms3","jetpack_sharing_enabled":true,"_links":{"self":[{"href":"https:\/\/eldiariodesanpedro.com.ar\/sitio\/wp-json\/wp\/v2\/posts\/86307","targetHints":{"allow":["GET"]}}],"collection":[{"href":"https:\/\/eldiariodesanpedro.com.ar\/sitio\/wp-json\/wp\/v2\/posts"}],"about":[{"href":"https:\/\/eldiariodesanpedro.com.ar\/sitio\/wp-json\/wp\/v2\/types\/post"}],"author":[{"embeddable":true,"href":"https:\/\/eldiariodesanpedro.com.ar\/sitio\/wp-json\/wp\/v2\/users\/4"}],"replies":[{"embeddable":true,"href":"https:\/\/eldiariodesanpedro.com.ar\/sitio\/wp-json\/wp\/v2\/comments?post=86307"}],"version-history":[{"count":1,"href":"https:\/\/eldiariodesanpedro.com.ar\/sitio\/wp-json\/wp\/v2\/posts\/86307\/revisions"}],"predecessor-version":[{"id":86309,"href":"https:\/\/eldiariodesanpedro.com.ar\/sitio\/wp-json\/wp\/v2\/posts\/86307\/revisions\/86309"}],"wp:featuredmedia":[{"embeddable":true,"href":"https:\/\/eldiariodesanpedro.com.ar\/sitio\/wp-json\/wp\/v2\/media\/86308"}],"wp:attachment":[{"href":"https:\/\/eldiariodesanpedro.com.ar\/sitio\/wp-json\/wp\/v2\/media?parent=86307"}],"wp:term":[{"taxonomy":"category","embeddable":true,"href":"https:\/\/eldiariodesanpedro.com.ar\/sitio\/wp-json\/wp\/v2\/categories?post=86307"},{"taxonomy":"post_tag","embeddable":true,"href":"https:\/\/eldiariodesanpedro.com.ar\/sitio\/wp-json\/wp\/v2\/tags?post=86307"}],"curies":[{"name":"wp","href":"https:\/\/api.w.org\/{rel}","templated":true}]}}