{"id":86304,"date":"2021-01-20T11:49:05","date_gmt":"2021-01-20T14:49:05","guid":{"rendered":"https:\/\/eldiariodesanpedro.com.ar\/sitio\/?p=86304"},"modified":"2021-01-20T11:49:09","modified_gmt":"2021-01-20T14:49:09","slug":"ramallo-mas-de-400-mil-pesos-en-obras-para-el-hospital-gomendio","status":"publish","type":"post","link":"https:\/\/eldiariodesanpedro.com.ar\/sitio\/ramallo-mas-de-400-mil-pesos-en-obras-para-el-hospital-gomendio\/","title":{"rendered":"RAMALLO | M\u00e1s de 400 mil pesos en obras para el Hospital Gomendio"},"content":{"rendered":"<!-- VideographyWP Plugin Message: Automatic video embedding prevented by plugin options. -->\n\n<p>La Secretar\u00eda de Obras y Servicios P\u00fablicos de Ramallo informa que comenz\u00f3 un trabajo de construcci\u00f3n de la sala de m\u00e1quinas del hospital Jos\u00e9 Mar\u00eda Gomendio para la instalaci\u00f3n de compresores de aire. La obra llevar\u00e1 un plazo estimado de 30 d\u00edas y un costo aproximado de 400 mil pesos. La misma le brindar\u00e1 al Hospital el servicio centralizado de compresi\u00f3n de aire y de vac\u00edo para todas las dependencias que lo requieran, para que en una etapa posterior se pueda hacer el tendido de ca\u00f1er\u00edas que el nosocomio disponga.<\/p>\n\n\n\n<p>Fuente: <a href=\"https:\/\/www.ramalloinforma.com.ar\/municipales\/mas-de-400-mil-pesos-en-obras-para-el-hospital-gomendio\/?fbclid=IwAR3CGggu4yzc5wY_HhvIW7MRgsgUqsnVanGDTn4X407x50dqxlwfeLzgowE\">Ramallo Informa<\/a><\/p>\n","protected":false},"excerpt":{"rendered":"<p>La Secretar\u00eda de Obras y Servicios P\u00fablicos de Ramallo informa que comenz\u00f3 un trabajo de construcci\u00f3n de la sala de m\u00e1quinas del hospital Jos\u00e9 Mar\u00eda Gomendio para la instalaci\u00f3n de compresores de aire. La obra llevar\u00e1 un plazo estimado de 30 d\u00edas y un costo aproximado de 400 mil pesos. La misma le brindar\u00e1 al [&hellip;]<\/p>\n","protected":false},"author":4,"featured_media":86305,"comment_status":"open","ping_status":"closed","sticky":false,"template":"","format":"standard","meta":{"om_disable_all_campaigns":false,"_jetpack_memberships_contains_paid_content":false,"footnotes":""},"categories":[621],"tags":[],"class_list":["post-86304","post","type-post","status-publish","format-standard","has-post-thumbnail","hentry","category-regionales"],"aioseo_notices":[],"gutentor_comment":0,"jetpack_featured_media_url":"https:\/\/eldiariodesanpedro.com.ar\/sitio\/wp-content\/uploads\/2021\/01\/IMG_20201218_111239.jpg","jetpack_shortlink":"https:\/\/wp.me\/p6RhLt-ms0","jetpack_sharing_enabled":true,"_links":{"self":[{"href":"https:\/\/eldiariodesanpedro.com.ar\/sitio\/wp-json\/wp\/v2\/posts\/86304","targetHints":{"allow":["GET"]}}],"collection":[{"href":"https:\/\/eldiariodesanpedro.com.ar\/sitio\/wp-json\/wp\/v2\/posts"}],"about":[{"href":"https:\/\/eldiariodesanpedro.com.ar\/sitio\/wp-json\/wp\/v2\/types\/post"}],"author":[{"embeddable":true,"href":"https:\/\/eldiariodesanpedro.com.ar\/sitio\/wp-json\/wp\/v2\/users\/4"}],"replies":[{"embeddable":true,"href":"https:\/\/eldiariodesanpedro.com.ar\/sitio\/wp-json\/wp\/v2\/comments?post=86304"}],"version-history":[{"count":1,"href":"https:\/\/eldiariodesanpedro.com.ar\/sitio\/wp-json\/wp\/v2\/posts\/86304\/revisions"}],"predecessor-version":[{"id":86306,"href":"https:\/\/eldiariodesanpedro.com.ar\/sitio\/wp-json\/wp\/v2\/posts\/86304\/revisions\/86306"}],"wp:featuredmedia":[{"embeddable":true,"href":"https:\/\/eldiariodesanpedro.com.ar\/sitio\/wp-json\/wp\/v2\/media\/86305"}],"wp:attachment":[{"href":"https:\/\/eldiariodesanpedro.com.ar\/sitio\/wp-json\/wp\/v2\/media?parent=86304"}],"wp:term":[{"taxonomy":"category","embeddable":true,"href":"https:\/\/eldiariodesanpedro.com.ar\/sitio\/wp-json\/wp\/v2\/categories?post=86304"},{"taxonomy":"post_tag","embeddable":true,"href":"https:\/\/eldiariodesanpedro.com.ar\/sitio\/wp-json\/wp\/v2\/tags?post=86304"}],"curies":[{"name":"wp","href":"https:\/\/api.w.org\/{rel}","templated":true}]}}