{"id":86301,"date":"2021-01-20T11:40:23","date_gmt":"2021-01-20T14:40:23","guid":{"rendered":"https:\/\/eldiariodesanpedro.com.ar\/sitio\/?p=86301"},"modified":"2021-01-20T11:40:24","modified_gmt":"2021-01-20T14:40:24","slug":"campana-policia-herida-tras-confrontacion-en-las-praderas","status":"publish","type":"post","link":"https:\/\/eldiariodesanpedro.com.ar\/sitio\/campana-policia-herida-tras-confrontacion-en-las-praderas\/","title":{"rendered":"CAMPANA | Polic\u00eda herida tras confrontaci\u00f3n en Las Praderas"},"content":{"rendered":"<!-- VideographyWP Plugin Message: Automatic video embedding prevented by plugin options. -->\n\n<p><strong><em>Ocurri\u00f3 en horas del la noche del domingo. Una oficial del Comando Patrulla recibi\u00f3 heridas en la frente, aunque fueron leves. Por el hecho detuvieron a una mujer.<\/em><\/strong><\/p>\n\n\n\n<p>Una agente de polic\u00eda que presta servicio a bordo de un m\u00f3vil del Comando Patrulla recibi\u00f3 heridas en su cabeza tras una confrontaci\u00f3n a la que acudi\u00f3 el domingo por la noche en el barrio Las Praderas.<\/p>\n\n\n\n<p>La uniformada recibi\u00f3 cortes en la frente, bajo la base del cuero cabelludo, aunque se trataron de heridas superficiales. Si bien concurri\u00f3 una ambulancia del SAME, fue trasladada al Hospital Municipal San Jos\u00e9 por sus propios compa\u00f1eros de la fuerza de seguridad.<\/p>\n\n\n\n<p>El ataque se desencaden\u00f3 luego de una confrontaci\u00f3n a la que el m\u00f3vil de zona 6 del Comando Patrulla acudi\u00f3 por denuncia al 911.<\/p>\n\n\n\n<p>Al arribar, los efectivos observan que parte de los implicados intentaban darse a la fuga en un autom\u00f3vil, que logran interceptar a pocos metros. Fue entonces cuando una mujer atac\u00f3 con una botella a la oficial.<\/p>\n\n\n\n<p>Seg\u00fan pudo averiguar La Aut\u00e9ntica Defensa, el otro ocupante del veh\u00edculo se dio a la fuga mientras su compa\u00f1era golpeaba a la polic\u00eda. Una versi\u00f3n indica que la agresora ser\u00eda la madre del sujeto, quien ya estar\u00eda identificado.<\/p>\n\n\n\n<p>Con apoyo del segundo oficial a bordo del m\u00f3vil policial, la atacante logr\u00f3 ser reducida y puestas tras la rejas. La situaci\u00f3n finalmente fue apaciguada con la asistencia de otros tres m\u00f3viles policiales pertenecientes a las zonas 5, 7 y 8.<\/p>\n\n\n\n<p>Fuente: <a href=\"https:\/\/www.laautenticadefensa.net\/178358\">La Autentica Defensa <\/a><\/p>\n","protected":false},"excerpt":{"rendered":"<p>Ocurri\u00f3 en horas del la noche del domingo. Una oficial del Comando Patrulla recibi\u00f3 heridas en la frente, aunque fueron leves. Por el hecho detuvieron a una mujer. Una agente de polic\u00eda que presta servicio a bordo de un m\u00f3vil del Comando Patrulla recibi\u00f3 heridas en su cabeza tras una confrontaci\u00f3n a la que acudi\u00f3 [&hellip;]<\/p>\n","protected":false},"author":4,"featured_media":86302,"comment_status":"open","ping_status":"closed","sticky":false,"template":"","format":"standard","meta":{"om_disable_all_campaigns":false,"_jetpack_memberships_contains_paid_content":false,"footnotes":""},"categories":[621],"tags":[],"class_list":["post-86301","post","type-post","status-publish","format-standard","has-post-thumbnail","hentry","category-regionales"],"aioseo_notices":[],"gutentor_comment":0,"jetpack_featured_media_url":"https:\/\/eldiariodesanpedro.com.ar\/sitio\/wp-content\/uploads\/2021\/01\/210119-67.jpg","jetpack_shortlink":"https:\/\/wp.me\/p6RhLt-mrX","jetpack_sharing_enabled":true,"_links":{"self":[{"href":"https:\/\/eldiariodesanpedro.com.ar\/sitio\/wp-json\/wp\/v2\/posts\/86301","targetHints":{"allow":["GET"]}}],"collection":[{"href":"https:\/\/eldiariodesanpedro.com.ar\/sitio\/wp-json\/wp\/v2\/posts"}],"about":[{"href":"https:\/\/eldiariodesanpedro.com.ar\/sitio\/wp-json\/wp\/v2\/types\/post"}],"author":[{"embeddable":true,"href":"https:\/\/eldiariodesanpedro.com.ar\/sitio\/wp-json\/wp\/v2\/users\/4"}],"replies":[{"embeddable":true,"href":"https:\/\/eldiariodesanpedro.com.ar\/sitio\/wp-json\/wp\/v2\/comments?post=86301"}],"version-history":[{"count":1,"href":"https:\/\/eldiariodesanpedro.com.ar\/sitio\/wp-json\/wp\/v2\/posts\/86301\/revisions"}],"predecessor-version":[{"id":86303,"href":"https:\/\/eldiariodesanpedro.com.ar\/sitio\/wp-json\/wp\/v2\/posts\/86301\/revisions\/86303"}],"wp:featuredmedia":[{"embeddable":true,"href":"https:\/\/eldiariodesanpedro.com.ar\/sitio\/wp-json\/wp\/v2\/media\/86302"}],"wp:attachment":[{"href":"https:\/\/eldiariodesanpedro.com.ar\/sitio\/wp-json\/wp\/v2\/media?parent=86301"}],"wp:term":[{"taxonomy":"category","embeddable":true,"href":"https:\/\/eldiariodesanpedro.com.ar\/sitio\/wp-json\/wp\/v2\/categories?post=86301"},{"taxonomy":"post_tag","embeddable":true,"href":"https:\/\/eldiariodesanpedro.com.ar\/sitio\/wp-json\/wp\/v2\/tags?post=86301"}],"curies":[{"name":"wp","href":"https:\/\/api.w.org\/{rel}","templated":true}]}}