{"id":86298,"date":"2021-01-20T11:37:53","date_gmt":"2021-01-20T14:37:53","guid":{"rendered":"https:\/\/eldiariodesanpedro.com.ar\/sitio\/?p=86298"},"modified":"2021-01-20T11:37:54","modified_gmt":"2021-01-20T14:37:54","slug":"arrecifes-dario-tenorio-asumio-la-jefatura-policial","status":"publish","type":"post","link":"https:\/\/eldiariodesanpedro.com.ar\/sitio\/arrecifes-dario-tenorio-asumio-la-jefatura-policial\/","title":{"rendered":"ARRECIFES | Dar\u00edo Tenorio asumi\u00f3 la Jefatura Policial"},"content":{"rendered":"<!-- VideographyWP Plugin Message: Automatic video embedding prevented by plugin options. -->\n\n<p>Rub\u00e9n Dar\u00edo Tenorio asumi\u00f3 esta ma\u00f1ana como nuevo jefe de Polic\u00eda Distrital de Arrecifes, reemplazando al comisario Gast\u00f3n Mart\u00edn Salvador, quien dej\u00f3 ese cargo hace un mes. El interinato en ese per\u00edodo lo condujo la comisario inspector Mariela Mariano.<\/p>\n\n\n\n<p>El comisario arrecife\u00f1o vuelve a trabajar en su ciudad, ahora con la m\u00e1xima responsabilidad a nivel local, luego de conducir el Comando de Prevenci\u00f3n Rural en nuestro distrito y en el \u00faltimo a\u00f1o y medio en Capit\u00e1n Sarmiento.<\/p>\n\n\n\n<p>Tenorio goza de un alto respeto dentro de la Polic\u00eda Bonaerense por el gran trabajo realizado en el \u00e1rea rural. Y tambi\u00e9n en las comunidades donde ha trabajado, debido a su calidad humana que lo hace una persona muy apreciada.<\/p>\n\n\n\n<p>En esta oportunidad asume dos nuevos e importantes desaf\u00edos: uno es pasar a otra \u00e1rea de Polic\u00eda, como es la de seguridad, y el otro es ser el comisario de su propio pueblo, un compromiso dif\u00edcil si los hay.<\/p>\n\n\n\n<p>Luego de asumir formalmente el cargo, el intendente Javier Olaeta lo recibi\u00f3 en su despacho, felicit\u00e1ndolo por su nueva funci\u00f3n. Luego mantuvieron una extensa charla orientada a coordinar las acciones en conjunto a llevar adelante en materia de seguridad, seg\u00fan se inform\u00f3 desde la Municipalidad.<\/p>\n\n\n\n<p>Fuente: <a href=\"https:\/\/arrecifesnoticias.com\/policiales\/dario-tenorio-asumio-la-jefatura-policial-de-arrecifes\/\">Arrecifes Noticias<\/a><\/p>\n","protected":false},"excerpt":{"rendered":"<p>Rub\u00e9n Dar\u00edo Tenorio asumi\u00f3 esta ma\u00f1ana como nuevo jefe de Polic\u00eda Distrital de Arrecifes, reemplazando al comisario Gast\u00f3n Mart\u00edn Salvador, quien dej\u00f3 ese cargo hace un mes. El interinato en ese per\u00edodo lo condujo la comisario inspector Mariela Mariano. El comisario arrecife\u00f1o vuelve a trabajar en su ciudad, ahora con la m\u00e1xima responsabilidad a nivel [&hellip;]<\/p>\n","protected":false},"author":4,"featured_media":86299,"comment_status":"open","ping_status":"closed","sticky":false,"template":"","format":"standard","meta":{"om_disable_all_campaigns":false,"_jetpack_memberships_contains_paid_content":false,"footnotes":""},"categories":[621],"tags":[],"class_list":["post-86298","post","type-post","status-publish","format-standard","has-post-thumbnail","hentry","category-regionales"],"aioseo_notices":[],"gutentor_comment":0,"jetpack_featured_media_url":"https:\/\/eldiariodesanpedro.com.ar\/sitio\/wp-content\/uploads\/2021\/01\/Tenorio-Olaeta-695x510-1.jpg","jetpack_shortlink":"https:\/\/wp.me\/p6RhLt-mrU","jetpack_sharing_enabled":true,"_links":{"self":[{"href":"https:\/\/eldiariodesanpedro.com.ar\/sitio\/wp-json\/wp\/v2\/posts\/86298","targetHints":{"allow":["GET"]}}],"collection":[{"href":"https:\/\/eldiariodesanpedro.com.ar\/sitio\/wp-json\/wp\/v2\/posts"}],"about":[{"href":"https:\/\/eldiariodesanpedro.com.ar\/sitio\/wp-json\/wp\/v2\/types\/post"}],"author":[{"embeddable":true,"href":"https:\/\/eldiariodesanpedro.com.ar\/sitio\/wp-json\/wp\/v2\/users\/4"}],"replies":[{"embeddable":true,"href":"https:\/\/eldiariodesanpedro.com.ar\/sitio\/wp-json\/wp\/v2\/comments?post=86298"}],"version-history":[{"count":1,"href":"https:\/\/eldiariodesanpedro.com.ar\/sitio\/wp-json\/wp\/v2\/posts\/86298\/revisions"}],"predecessor-version":[{"id":86300,"href":"https:\/\/eldiariodesanpedro.com.ar\/sitio\/wp-json\/wp\/v2\/posts\/86298\/revisions\/86300"}],"wp:featuredmedia":[{"embeddable":true,"href":"https:\/\/eldiariodesanpedro.com.ar\/sitio\/wp-json\/wp\/v2\/media\/86299"}],"wp:attachment":[{"href":"https:\/\/eldiariodesanpedro.com.ar\/sitio\/wp-json\/wp\/v2\/media?parent=86298"}],"wp:term":[{"taxonomy":"category","embeddable":true,"href":"https:\/\/eldiariodesanpedro.com.ar\/sitio\/wp-json\/wp\/v2\/categories?post=86298"},{"taxonomy":"post_tag","embeddable":true,"href":"https:\/\/eldiariodesanpedro.com.ar\/sitio\/wp-json\/wp\/v2\/tags?post=86298"}],"curies":[{"name":"wp","href":"https:\/\/api.w.org\/{rel}","templated":true}]}}