{"id":86295,"date":"2021-01-20T11:34:22","date_gmt":"2021-01-20T14:34:22","guid":{"rendered":"https:\/\/eldiariodesanpedro.com.ar\/sitio\/?p=86295"},"modified":"2021-01-20T11:34:26","modified_gmt":"2021-01-20T14:34:26","slug":"zarate-descarrilo-un-tren-con-15-vagones-cargados-de-trigo-en-cercanias-al-puente-zarate-brazo-largo-hubo-fallas-en-las-vias","status":"publish","type":"post","link":"https:\/\/eldiariodesanpedro.com.ar\/sitio\/zarate-descarrilo-un-tren-con-15-vagones-cargados-de-trigo-en-cercanias-al-puente-zarate-brazo-largo-hubo-fallas-en-las-vias\/","title":{"rendered":"Z\u00c1RATE | Descarril\u00f3 un tren con 15 vagones cargados de trigo en cercan\u00edas al Puente Z\u00e1rate- Brazo Largo: hubo fallas en las v\u00edas"},"content":{"rendered":"<!-- VideographyWP Plugin Message: Automatic video embedding prevented by plugin options. -->\n\n<p><strong>Un tren de 15 vagones que transportaba trigo volc\u00f3 cerca del puente Z\u00e1rate-Brazo Largo, debido a una falla en las v\u00edas. No perdi\u00f3 carga ni hubo heridos.<\/strong><\/p>\n\n\n\n<p>Descarril\u00f3 un tren de cargas compuesto por 15 vagones que transportan trigo frente al camping de Valparaiso, cerca del puesto caminero del puente Z\u00e1rate-Brazo Largo. El accidente ocurri\u00f3 este martes alrededor de las 20 horas.<\/p>\n\n\n\n<p>Seg\u00fan inform\u00f3 la Jefatura Departamental Islas de la Polic\u00eda de Entre R\u00edos, el hecho no provoc\u00f3 el vuelco de la carga y tampoco se registraron personas lesionadas.<\/p>\n\n\n\n<p>Seg\u00fan supo, el motivo del descarrilamiento fue que la tierra cedi\u00f3 bajo el peso de la carga granelera, se quebraron los durmientes y se doblaron las v\u00edas. Por el hecho intervino el fiscal en turno.<\/p>\n\n\n\n<p>Fuente: <a href=\"https:\/\/impactolocal.com.ar\/2021\/01\/20\/descarrillo-un-tren-con-15-vagones-cargados-de-trigo-en-cercanias-al-puente-zarate-brazo-largo-hubo-fallas-en-las-vias\/\">Impacto Local<\/a><\/p>\n","protected":false},"excerpt":{"rendered":"<p>Un tren de 15 vagones que transportaba trigo volc\u00f3 cerca del puente Z\u00e1rate-Brazo Largo, debido a una falla en las v\u00edas. No perdi\u00f3 carga ni hubo heridos. Descarril\u00f3 un tren de cargas compuesto por 15 vagones que transportan trigo frente al camping de Valparaiso, cerca del puesto caminero del puente Z\u00e1rate-Brazo Largo. El accidente ocurri\u00f3 [&hellip;]<\/p>\n","protected":false},"author":4,"featured_media":86296,"comment_status":"open","ping_status":"closed","sticky":false,"template":"","format":"standard","meta":{"om_disable_all_campaigns":false,"_jetpack_memberships_contains_paid_content":false,"footnotes":""},"categories":[621],"tags":[],"class_list":["post-86295","post","type-post","status-publish","format-standard","has-post-thumbnail","hentry","category-regionales"],"aioseo_notices":[],"gutentor_comment":0,"jetpack_featured_media_url":"https:\/\/eldiariodesanpedro.com.ar\/sitio\/wp-content\/uploads\/2021\/01\/tren-descarrilado.jpg","jetpack_shortlink":"https:\/\/wp.me\/p6RhLt-mrR","jetpack_sharing_enabled":true,"_links":{"self":[{"href":"https:\/\/eldiariodesanpedro.com.ar\/sitio\/wp-json\/wp\/v2\/posts\/86295","targetHints":{"allow":["GET"]}}],"collection":[{"href":"https:\/\/eldiariodesanpedro.com.ar\/sitio\/wp-json\/wp\/v2\/posts"}],"about":[{"href":"https:\/\/eldiariodesanpedro.com.ar\/sitio\/wp-json\/wp\/v2\/types\/post"}],"author":[{"embeddable":true,"href":"https:\/\/eldiariodesanpedro.com.ar\/sitio\/wp-json\/wp\/v2\/users\/4"}],"replies":[{"embeddable":true,"href":"https:\/\/eldiariodesanpedro.com.ar\/sitio\/wp-json\/wp\/v2\/comments?post=86295"}],"version-history":[{"count":1,"href":"https:\/\/eldiariodesanpedro.com.ar\/sitio\/wp-json\/wp\/v2\/posts\/86295\/revisions"}],"predecessor-version":[{"id":86297,"href":"https:\/\/eldiariodesanpedro.com.ar\/sitio\/wp-json\/wp\/v2\/posts\/86295\/revisions\/86297"}],"wp:featuredmedia":[{"embeddable":true,"href":"https:\/\/eldiariodesanpedro.com.ar\/sitio\/wp-json\/wp\/v2\/media\/86296"}],"wp:attachment":[{"href":"https:\/\/eldiariodesanpedro.com.ar\/sitio\/wp-json\/wp\/v2\/media?parent=86295"}],"wp:term":[{"taxonomy":"category","embeddable":true,"href":"https:\/\/eldiariodesanpedro.com.ar\/sitio\/wp-json\/wp\/v2\/categories?post=86295"},{"taxonomy":"post_tag","embeddable":true,"href":"https:\/\/eldiariodesanpedro.com.ar\/sitio\/wp-json\/wp\/v2\/tags?post=86295"}],"curies":[{"name":"wp","href":"https:\/\/api.w.org\/{rel}","templated":true}]}}