{"id":86290,"date":"2021-01-20T11:09:43","date_gmt":"2021-01-20T14:09:43","guid":{"rendered":"https:\/\/eldiariodesanpedro.com.ar\/sitio\/?p=86290"},"modified":"2021-01-20T11:09:48","modified_gmt":"2021-01-20T14:09:48","slug":"salia-de-su-casa-y-encontro-un-delincuente-dentro-de-su-auto-fue-apunalado-al-querer-reducirlo","status":"publish","type":"post","link":"https:\/\/eldiariodesanpedro.com.ar\/sitio\/salia-de-su-casa-y-encontro-un-delincuente-dentro-de-su-auto-fue-apunalado-al-querer-reducirlo\/","title":{"rendered":"Sal\u00eda de su casa y encontr\u00f3 un delincuente dentro de su auto, fue apu\u00f1alado al querer reducirlo"},"content":{"rendered":"<!-- VideographyWP Plugin Message: Automatic video embedding prevented by plugin options. -->\n\n<p>En las primeras horas de este mi\u00e9rcoles alrededor de las 06 hs la polic\u00eda toma conocimiento del ingreso al hospital local de un ciudadano de 37 a\u00f1os de edad, con herida en abdomen, siendo asistido.&nbsp;<\/p>\n\n\n\n<p>Recepcionada declaraci\u00f3n junto a personal judicial v\u00edctima manifest\u00f3 que momentos antes regresaba de su domicilio ubicado en calle&nbsp; Balcarce al 800, tras advertir a masculino en el interior del habit\u00e1culo de su autom\u00f3vil estacionado v\u00eda p\u00fablica, y al intentar sujetarlo, este le aplica golpe en abdomen con elemento contundente y logra fugar.&nbsp;<\/p>\n\n\n\n<p>La v\u00edctima presenta herida punzocortante regi\u00f3n abdominal, sin gravedad inmediata.<\/p>\n","protected":false},"excerpt":{"rendered":"<p>En las primeras horas de este mi\u00e9rcoles alrededor de las 06 hs la polic\u00eda toma conocimiento del ingreso al hospital local de un ciudadano de 37 a\u00f1os de edad, con herida en abdomen, siendo asistido.&nbsp; Recepcionada declaraci\u00f3n junto a personal judicial v\u00edctima manifest\u00f3 que momentos antes regresaba de su domicilio ubicado en calle&nbsp; Balcarce al [&hellip;]<\/p>\n","protected":false},"author":4,"featured_media":78843,"comment_status":"open","ping_status":"closed","sticky":false,"template":"","format":"standard","meta":{"om_disable_all_campaigns":false,"_jetpack_memberships_contains_paid_content":false,"footnotes":""},"categories":[50,2,103],"tags":[],"class_list":["post-86290","post","type-post","status-publish","format-standard","has-post-thumbnail","hentry","category-destacadas","category-locales","category-policiales-locales"],"aioseo_notices":[],"gutentor_comment":0,"jetpack_featured_media_url":"https:\/\/eldiariodesanpedro.com.ar\/sitio\/wp-content\/uploads\/2020\/08\/0.jpg","jetpack_shortlink":"https:\/\/wp.me\/p6RhLt-mrM","jetpack_sharing_enabled":true,"_links":{"self":[{"href":"https:\/\/eldiariodesanpedro.com.ar\/sitio\/wp-json\/wp\/v2\/posts\/86290","targetHints":{"allow":["GET"]}}],"collection":[{"href":"https:\/\/eldiariodesanpedro.com.ar\/sitio\/wp-json\/wp\/v2\/posts"}],"about":[{"href":"https:\/\/eldiariodesanpedro.com.ar\/sitio\/wp-json\/wp\/v2\/types\/post"}],"author":[{"embeddable":true,"href":"https:\/\/eldiariodesanpedro.com.ar\/sitio\/wp-json\/wp\/v2\/users\/4"}],"replies":[{"embeddable":true,"href":"https:\/\/eldiariodesanpedro.com.ar\/sitio\/wp-json\/wp\/v2\/comments?post=86290"}],"version-history":[{"count":1,"href":"https:\/\/eldiariodesanpedro.com.ar\/sitio\/wp-json\/wp\/v2\/posts\/86290\/revisions"}],"predecessor-version":[{"id":86291,"href":"https:\/\/eldiariodesanpedro.com.ar\/sitio\/wp-json\/wp\/v2\/posts\/86290\/revisions\/86291"}],"wp:featuredmedia":[{"embeddable":true,"href":"https:\/\/eldiariodesanpedro.com.ar\/sitio\/wp-json\/wp\/v2\/media\/78843"}],"wp:attachment":[{"href":"https:\/\/eldiariodesanpedro.com.ar\/sitio\/wp-json\/wp\/v2\/media?parent=86290"}],"wp:term":[{"taxonomy":"category","embeddable":true,"href":"https:\/\/eldiariodesanpedro.com.ar\/sitio\/wp-json\/wp\/v2\/categories?post=86290"},{"taxonomy":"post_tag","embeddable":true,"href":"https:\/\/eldiariodesanpedro.com.ar\/sitio\/wp-json\/wp\/v2\/tags?post=86290"}],"curies":[{"name":"wp","href":"https:\/\/api.w.org\/{rel}","templated":true}]}}