{"id":86287,"date":"2021-01-20T11:03:08","date_gmt":"2021-01-20T14:03:08","guid":{"rendered":"https:\/\/eldiariodesanpedro.com.ar\/sitio\/?p=86287"},"modified":"2021-01-20T11:03:12","modified_gmt":"2021-01-20T14:03:12","slug":"vecinos-detuvieron-un-menor-que-habia-robado-una-bicicleta","status":"publish","type":"post","link":"https:\/\/eldiariodesanpedro.com.ar\/sitio\/vecinos-detuvieron-un-menor-que-habia-robado-una-bicicleta\/","title":{"rendered":"Vecinos detuvieron un menor que hab\u00eda robado una bicicleta"},"content":{"rendered":"<!-- VideographyWP Plugin Message: Automatic video embedding prevented by plugin options. -->\n\n<p>En la tarde de ayer la polic\u00eda de la comisar\u00eda local se hace presente en calle Novillo y Salta, donde vecinos hab\u00eda reducido y aprehendido a un joven delincuente de 15 a\u00f1os, quien jugaba tras sustraer bicicleta que abandon\u00f3 en la huida, la cual despoja en Pellegrini e Hip\u00f3lito Irigoyen a un ni\u00f1o 12 a\u00f1os, tras aplicarle golpe de pu\u00f1o en rostro.&nbsp;<\/p>\n\n\n\n<p>La v\u00edctima present\u00f3 lesiones leves, radicando la correspondiente denuncia, intervino la justicia juvenil de San Nicol\u00e1s, disponiendo para el joven aprehendido, notificaci\u00f3n de la formaci\u00f3n causa y entrega a progenitores. &nbsp;<\/p>\n","protected":false},"excerpt":{"rendered":"<p>En la tarde de ayer la polic\u00eda de la comisar\u00eda local se hace presente en calle Novillo y Salta, donde vecinos hab\u00eda reducido y aprehendido a un joven delincuente de 15 a\u00f1os, quien jugaba tras sustraer bicicleta que abandon\u00f3 en la huida, la cual despoja en Pellegrini e Hip\u00f3lito Irigoyen a un ni\u00f1o 12 a\u00f1os, [&hellip;]<\/p>\n","protected":false},"author":4,"featured_media":86288,"comment_status":"open","ping_status":"closed","sticky":false,"template":"","format":"standard","meta":{"om_disable_all_campaigns":false,"_jetpack_memberships_contains_paid_content":false,"footnotes":""},"categories":[2,103],"tags":[],"class_list":["post-86287","post","type-post","status-publish","format-standard","has-post-thumbnail","hentry","category-locales","category-policiales-locales"],"aioseo_notices":[],"gutentor_comment":0,"jetpack_featured_media_url":"https:\/\/eldiariodesanpedro.com.ar\/sitio\/wp-content\/uploads\/2021\/01\/WhatsApp-Image-2021-01-20-at-10.25.30.jpeg","jetpack_shortlink":"https:\/\/wp.me\/p6RhLt-mrJ","jetpack_sharing_enabled":true,"_links":{"self":[{"href":"https:\/\/eldiariodesanpedro.com.ar\/sitio\/wp-json\/wp\/v2\/posts\/86287","targetHints":{"allow":["GET"]}}],"collection":[{"href":"https:\/\/eldiariodesanpedro.com.ar\/sitio\/wp-json\/wp\/v2\/posts"}],"about":[{"href":"https:\/\/eldiariodesanpedro.com.ar\/sitio\/wp-json\/wp\/v2\/types\/post"}],"author":[{"embeddable":true,"href":"https:\/\/eldiariodesanpedro.com.ar\/sitio\/wp-json\/wp\/v2\/users\/4"}],"replies":[{"embeddable":true,"href":"https:\/\/eldiariodesanpedro.com.ar\/sitio\/wp-json\/wp\/v2\/comments?post=86287"}],"version-history":[{"count":1,"href":"https:\/\/eldiariodesanpedro.com.ar\/sitio\/wp-json\/wp\/v2\/posts\/86287\/revisions"}],"predecessor-version":[{"id":86289,"href":"https:\/\/eldiariodesanpedro.com.ar\/sitio\/wp-json\/wp\/v2\/posts\/86287\/revisions\/86289"}],"wp:featuredmedia":[{"embeddable":true,"href":"https:\/\/eldiariodesanpedro.com.ar\/sitio\/wp-json\/wp\/v2\/media\/86288"}],"wp:attachment":[{"href":"https:\/\/eldiariodesanpedro.com.ar\/sitio\/wp-json\/wp\/v2\/media?parent=86287"}],"wp:term":[{"taxonomy":"category","embeddable":true,"href":"https:\/\/eldiariodesanpedro.com.ar\/sitio\/wp-json\/wp\/v2\/categories?post=86287"},{"taxonomy":"post_tag","embeddable":true,"href":"https:\/\/eldiariodesanpedro.com.ar\/sitio\/wp-json\/wp\/v2\/tags?post=86287"}],"curies":[{"name":"wp","href":"https:\/\/api.w.org\/{rel}","templated":true}]}}