{"id":86285,"date":"2021-01-20T10:59:42","date_gmt":"2021-01-20T13:59:42","guid":{"rendered":"https:\/\/eldiariodesanpedro.com.ar\/sitio\/?p=86285"},"modified":"2021-01-20T10:59:46","modified_gmt":"2021-01-20T13:59:46","slug":"aprehendido-con-tenencia-de-marihuana-con-infimo-pesaje","status":"publish","type":"post","link":"https:\/\/eldiariodesanpedro.com.ar\/sitio\/aprehendido-con-tenencia-de-marihuana-con-infimo-pesaje\/","title":{"rendered":"Aprehendido con tenencia de marihuana con \u00ednfimo pesaje"},"content":{"rendered":"<!-- VideographyWP Plugin Message: Automatic video embedding prevented by plugin options. -->\n\n<p>En la tarde de ayer un m\u00f3vil policial se hizo presente en calle Manuel Iglesias al 2200 desde donde se traslad\u00f3 a sede policial a masculino de 18 a\u00f1os de edad, a quien se le secuestr\u00f3 sustancia marihuana \u00ednfimo pesaje por lo que se inici\u00f3 una causa judicial que fue instruida con intervenci\u00f3n de la justicia local.<\/p>\n","protected":false},"excerpt":{"rendered":"<p>En la tarde de ayer un m\u00f3vil policial se hizo presente en calle Manuel Iglesias al 2200 desde donde se traslad\u00f3 a sede policial a masculino de 18 a\u00f1os de edad, a quien se le secuestr\u00f3 sustancia marihuana \u00ednfimo pesaje por lo que se inici\u00f3 una causa judicial que fue instruida con intervenci\u00f3n de la [&hellip;]<\/p>\n","protected":false},"author":4,"featured_media":69226,"comment_status":"open","ping_status":"closed","sticky":false,"template":"","format":"standard","meta":{"om_disable_all_campaigns":false,"_jetpack_memberships_contains_paid_content":false,"footnotes":""},"categories":[2,103],"tags":[],"class_list":["post-86285","post","type-post","status-publish","format-standard","has-post-thumbnail","hentry","category-locales","category-policiales-locales"],"aioseo_notices":[],"gutentor_comment":0,"jetpack_featured_media_url":"https:\/\/eldiariodesanpedro.com.ar\/sitio\/wp-content\/uploads\/2020\/02\/detenido-1.jpg","jetpack_shortlink":"https:\/\/wp.me\/p6RhLt-mrH","jetpack_sharing_enabled":true,"_links":{"self":[{"href":"https:\/\/eldiariodesanpedro.com.ar\/sitio\/wp-json\/wp\/v2\/posts\/86285","targetHints":{"allow":["GET"]}}],"collection":[{"href":"https:\/\/eldiariodesanpedro.com.ar\/sitio\/wp-json\/wp\/v2\/posts"}],"about":[{"href":"https:\/\/eldiariodesanpedro.com.ar\/sitio\/wp-json\/wp\/v2\/types\/post"}],"author":[{"embeddable":true,"href":"https:\/\/eldiariodesanpedro.com.ar\/sitio\/wp-json\/wp\/v2\/users\/4"}],"replies":[{"embeddable":true,"href":"https:\/\/eldiariodesanpedro.com.ar\/sitio\/wp-json\/wp\/v2\/comments?post=86285"}],"version-history":[{"count":1,"href":"https:\/\/eldiariodesanpedro.com.ar\/sitio\/wp-json\/wp\/v2\/posts\/86285\/revisions"}],"predecessor-version":[{"id":86286,"href":"https:\/\/eldiariodesanpedro.com.ar\/sitio\/wp-json\/wp\/v2\/posts\/86285\/revisions\/86286"}],"wp:featuredmedia":[{"embeddable":true,"href":"https:\/\/eldiariodesanpedro.com.ar\/sitio\/wp-json\/wp\/v2\/media\/69226"}],"wp:attachment":[{"href":"https:\/\/eldiariodesanpedro.com.ar\/sitio\/wp-json\/wp\/v2\/media?parent=86285"}],"wp:term":[{"taxonomy":"category","embeddable":true,"href":"https:\/\/eldiariodesanpedro.com.ar\/sitio\/wp-json\/wp\/v2\/categories?post=86285"},{"taxonomy":"post_tag","embeddable":true,"href":"https:\/\/eldiariodesanpedro.com.ar\/sitio\/wp-json\/wp\/v2\/tags?post=86285"}],"curies":[{"name":"wp","href":"https:\/\/api.w.org\/{rel}","templated":true}]}}