{"id":86273,"date":"2021-01-20T10:40:28","date_gmt":"2021-01-20T13:40:28","guid":{"rendered":"https:\/\/eldiariodesanpedro.com.ar\/sitio\/?p=86273"},"modified":"2021-01-20T10:40:33","modified_gmt":"2021-01-20T13:40:33","slug":"la-policia-recupero-una-moto-y-bicicleta-robada-que-estaba-siendo-desarmada-en-el-hermano-indio","status":"publish","type":"post","link":"https:\/\/eldiariodesanpedro.com.ar\/sitio\/la-policia-recupero-una-moto-y-bicicleta-robada-que-estaba-siendo-desarmada-en-el-hermano-indio\/","title":{"rendered":"La polic\u00eda recupero una moto y bicicleta robada que estaba siendo desarmada en el Hermano Indio"},"content":{"rendered":"<!-- VideographyWP Plugin Message: Automatic video embedding prevented by plugin options. -->\n\n<p>Tras un hecho de robo denunciado el dia de ayer en las primeras horas, promediando el mediod\u00eda el personal policial se hace presente en el pasillo interior del barrio Hermano Indio, donde el personal del Gabinete Criminol\u00f3gico logr\u00f3 secuestro de la motocicleta de alta cilindrada sustra\u00edda, la cual estaba siendo desarmada como as\u00ed una bicicleta rodado 26, color violeta Playera, sustra\u00edda en el mismo hecho.&nbsp;<\/p>\n\n\n\n<p>La polic\u00eda realiza las averiguaci\u00f3n tendientes a establecer la autor\u00eda del hecho.&nbsp;<\/p>\n\n\n\n<p>La denuncia la radic\u00f3 un ciudadano de 39 a\u00f1os de edad, domiciliado en Manuel Igleias a 900, cuando ayer promediando las 06 hs, al levantarse constata que delincuentes hab\u00edan da\u00f1ado port\u00f3n del garaje sustrayendo la moto y bicicleta.&nbsp;<\/p>\n\n\n\n<p>Los efectos recuperados por la polic\u00eda le fueron restituidos al damnificado.<\/p>\n\n\n\n<figure class=\"wp-block-image size-large\"><img decoding=\"async\" width=\"899\" height=\"1024\" data-attachment-id=\"86275\" data-permalink=\"https:\/\/eldiariodesanpedro.com.ar\/sitio\/la-policia-recupero-una-moto-y-bicicleta-robada-que-estaba-siendo-desarmada-en-el-hermano-indio\/whatsapp-image-2021-01-20-at-10-25-09\/\" data-orig-file=\"https:\/\/eldiariodesanpedro.com.ar\/sitio\/wp-content\/uploads\/2021\/01\/WhatsApp-Image-2021-01-20-at-10.25.09.jpeg\" data-orig-size=\"907,1033\" data-comments-opened=\"1\" data-image-meta=\"{&quot;aperture&quot;:&quot;0&quot;,&quot;credit&quot;:&quot;&quot;,&quot;camera&quot;:&quot;&quot;,&quot;caption&quot;:&quot;&quot;,&quot;created_timestamp&quot;:&quot;0&quot;,&quot;copyright&quot;:&quot;&quot;,&quot;focal_length&quot;:&quot;0&quot;,&quot;iso&quot;:&quot;0&quot;,&quot;shutter_speed&quot;:&quot;0&quot;,&quot;title&quot;:&quot;&quot;,&quot;orientation&quot;:&quot;0&quot;}\" data-image-title=\"WhatsApp Image 2021-01-20 at 10.25.09\" data-image-description=\"\" data-image-caption=\"\" data-large-file=\"https:\/\/eldiariodesanpedro.com.ar\/sitio\/wp-content\/uploads\/2021\/01\/WhatsApp-Image-2021-01-20-at-10.25.09-899x1024.jpeg\" data-src=\"https:\/\/eldiariodesanpedro.com.ar\/sitio\/wp-content\/uploads\/2021\/01\/WhatsApp-Image-2021-01-20-at-10.25.09-899x1024.jpeg\" alt=\"\" class=\"wp-image-86275 lazyload\" data-srcset=\"https:\/\/eldiariodesanpedro.com.ar\/sitio\/wp-content\/uploads\/2021\/01\/WhatsApp-Image-2021-01-20-at-10.25.09-899x1024.jpeg 899w, https:\/\/eldiariodesanpedro.com.ar\/sitio\/wp-content\/uploads\/2021\/01\/WhatsApp-Image-2021-01-20-at-10.25.09-263x300.jpeg 263w, https:\/\/eldiariodesanpedro.com.ar\/sitio\/wp-content\/uploads\/2021\/01\/WhatsApp-Image-2021-01-20-at-10.25.09-768x875.jpeg 768w, https:\/\/eldiariodesanpedro.com.ar\/sitio\/wp-content\/uploads\/2021\/01\/WhatsApp-Image-2021-01-20-at-10.25.09.jpeg 907w\" data-sizes=\"(max-width: 899px) 100vw, 899px\" src=\"data:image\/svg+xml;base64,PHN2ZyB3aWR0aD0iMSIgaGVpZ2h0PSIxIiB4bWxucz0iaHR0cDovL3d3dy53My5vcmcvMjAwMC9zdmciPjwvc3ZnPg==\" style=\"--smush-placeholder-width: 899px; --smush-placeholder-aspect-ratio: 899\/1024;\" \/><\/figure>\n","protected":false},"excerpt":{"rendered":"<p>Tras un hecho de robo denunciado el dia de ayer en las primeras horas, promediando el mediod\u00eda el personal policial se hace presente en el pasillo interior del barrio Hermano Indio, donde el personal del Gabinete Criminol\u00f3gico logr\u00f3 secuestro de la motocicleta de alta cilindrada sustra\u00edda, la cual estaba siendo desarmada como as\u00ed una bicicleta [&hellip;]<\/p>\n","protected":false},"author":4,"featured_media":86274,"comment_status":"open","ping_status":"closed","sticky":false,"template":"","format":"standard","meta":{"om_disable_all_campaigns":false,"_jetpack_memberships_contains_paid_content":false,"footnotes":""},"categories":[50,2,103],"tags":[],"class_list":["post-86273","post","type-post","status-publish","format-standard","has-post-thumbnail","hentry","category-destacadas","category-locales","category-policiales-locales"],"aioseo_notices":[],"gutentor_comment":0,"jetpack_featured_media_url":"https:\/\/eldiariodesanpedro.com.ar\/sitio\/wp-content\/uploads\/2021\/01\/Sin-titulo-3.jpg","jetpack_shortlink":"https:\/\/wp.me\/p6RhLt-mrv","jetpack_sharing_enabled":true,"_links":{"self":[{"href":"https:\/\/eldiariodesanpedro.com.ar\/sitio\/wp-json\/wp\/v2\/posts\/86273","targetHints":{"allow":["GET"]}}],"collection":[{"href":"https:\/\/eldiariodesanpedro.com.ar\/sitio\/wp-json\/wp\/v2\/posts"}],"about":[{"href":"https:\/\/eldiariodesanpedro.com.ar\/sitio\/wp-json\/wp\/v2\/types\/post"}],"author":[{"embeddable":true,"href":"https:\/\/eldiariodesanpedro.com.ar\/sitio\/wp-json\/wp\/v2\/users\/4"}],"replies":[{"embeddable":true,"href":"https:\/\/eldiariodesanpedro.com.ar\/sitio\/wp-json\/wp\/v2\/comments?post=86273"}],"version-history":[{"count":1,"href":"https:\/\/eldiariodesanpedro.com.ar\/sitio\/wp-json\/wp\/v2\/posts\/86273\/revisions"}],"predecessor-version":[{"id":86276,"href":"https:\/\/eldiariodesanpedro.com.ar\/sitio\/wp-json\/wp\/v2\/posts\/86273\/revisions\/86276"}],"wp:featuredmedia":[{"embeddable":true,"href":"https:\/\/eldiariodesanpedro.com.ar\/sitio\/wp-json\/wp\/v2\/media\/86274"}],"wp:attachment":[{"href":"https:\/\/eldiariodesanpedro.com.ar\/sitio\/wp-json\/wp\/v2\/media?parent=86273"}],"wp:term":[{"taxonomy":"category","embeddable":true,"href":"https:\/\/eldiariodesanpedro.com.ar\/sitio\/wp-json\/wp\/v2\/categories?post=86273"},{"taxonomy":"post_tag","embeddable":true,"href":"https:\/\/eldiariodesanpedro.com.ar\/sitio\/wp-json\/wp\/v2\/tags?post=86273"}],"curies":[{"name":"wp","href":"https:\/\/api.w.org\/{rel}","templated":true}]}}