{"id":86268,"date":"2021-01-20T10:29:53","date_gmt":"2021-01-20T13:29:53","guid":{"rendered":"https:\/\/eldiariodesanpedro.com.ar\/sitio\/?p=86268"},"modified":"2021-01-20T10:29:54","modified_gmt":"2021-01-20T13:29:54","slug":"atraparon-a-los-delincuentes-que-robaron-a-el-presidente-del-club-parana","status":"publish","type":"post","link":"https:\/\/eldiariodesanpedro.com.ar\/sitio\/atraparon-a-los-delincuentes-que-robaron-a-el-presidente-del-club-parana\/","title":{"rendered":"Atraparon a los delincuentes que robaron a el presidente del Club Paran\u00e1"},"content":{"rendered":"<!-- VideographyWP Plugin Message: Automatic video embedding prevented by plugin options. -->\n\n<p>En el marco de hecho robo agravado denunciado el lunes pasado en horas de la madrugada&nbsp; y que fuera de p\u00fablico conocimiento la agresi\u00f3n hacia el presidente del Club Parana Seery.<\/p>\n\n\n\n<p>El hecho que delincuentes en los primeros minutos de de este lunes, despojaron de un tel\u00e9fono celular a un ciudadano de 52 a\u00f1os de edad, en Miguel Porta y Balcarce.&nbsp;<\/p>\n\n\n\n<p>Tras intensas tareas investigativas realizadas desde la comisi\u00f3n del hecho, y analizadas c\u00e1maras de seguridad, se logr\u00f3 establecer autor\u00eda de los delincuentes. la justicia hizo la labor correspondiente extendiendo orden allanamiento y detenci\u00f3n&nbsp; de los cacos.&nbsp;<\/p>\n\n\n\n<p>La diligencia se llev\u00f3 a cabo en la tarde de ayer en un amplio dispositivo policial, domicilio particular de calle Ayacucho al 500, donde se efectiviz\u00f3 la detenci\u00f3n de los buscados por orden judicial trat\u00e1ndose de un masculino de 36 y otro de 20 a\u00f1os de edad.&nbsp;<\/p>\n\n\n\n<p>Tambi\u00e9n se secuestr\u00f3 un arma blanca y vestimenta que utilizaban los delincuentes al momento del hecho. La causa judicial prosigue su tr\u00e1mite en sede fiscal, mientras que los detenidos permanecen alojados en la comisar\u00eda local imputados del delito de Robo calificado y lesiones.&nbsp;<\/p>\n\n\n\n<p>Se prosiguen las tareas policiales en pos de lograr el secuestro del tel\u00e9fono celular sustra\u00eddo.<\/p>\n\n\n\n<figure class=\"wp-block-image size-large\"><img decoding=\"async\" width=\"768\" height=\"1024\" data-attachment-id=\"86270\" data-permalink=\"https:\/\/eldiariodesanpedro.com.ar\/sitio\/atraparon-a-los-delincuentes-que-robaron-a-el-presidente-del-club-parana\/whatsapp-image-2021-01-19-at-23-56-20\/\" data-orig-file=\"https:\/\/eldiariodesanpedro.com.ar\/sitio\/wp-content\/uploads\/2021\/01\/WhatsApp-Image-2021-01-19-at-23.56.20.jpeg\" data-orig-size=\"960,1280\" data-comments-opened=\"1\" data-image-meta=\"{&quot;aperture&quot;:&quot;0&quot;,&quot;credit&quot;:&quot;&quot;,&quot;camera&quot;:&quot;&quot;,&quot;caption&quot;:&quot;&quot;,&quot;created_timestamp&quot;:&quot;0&quot;,&quot;copyright&quot;:&quot;&quot;,&quot;focal_length&quot;:&quot;0&quot;,&quot;iso&quot;:&quot;0&quot;,&quot;shutter_speed&quot;:&quot;0&quot;,&quot;title&quot;:&quot;&quot;,&quot;orientation&quot;:&quot;0&quot;}\" data-image-title=\"WhatsApp Image 2021-01-19 at 23.56.20\" data-image-description=\"\" data-image-caption=\"\" data-large-file=\"https:\/\/eldiariodesanpedro.com.ar\/sitio\/wp-content\/uploads\/2021\/01\/WhatsApp-Image-2021-01-19-at-23.56.20-768x1024.jpeg\" data-src=\"https:\/\/eldiariodesanpedro.com.ar\/sitio\/wp-content\/uploads\/2021\/01\/WhatsApp-Image-2021-01-19-at-23.56.20-768x1024.jpeg\" alt=\"\" class=\"wp-image-86270 lazyload\" data-srcset=\"https:\/\/eldiariodesanpedro.com.ar\/sitio\/wp-content\/uploads\/2021\/01\/WhatsApp-Image-2021-01-19-at-23.56.20-768x1024.jpeg 768w, https:\/\/eldiariodesanpedro.com.ar\/sitio\/wp-content\/uploads\/2021\/01\/WhatsApp-Image-2021-01-19-at-23.56.20-225x300.jpeg 225w, https:\/\/eldiariodesanpedro.com.ar\/sitio\/wp-content\/uploads\/2021\/01\/WhatsApp-Image-2021-01-19-at-23.56.20.jpeg 960w\" data-sizes=\"(max-width: 768px) 100vw, 768px\" src=\"data:image\/svg+xml;base64,PHN2ZyB3aWR0aD0iMSIgaGVpZ2h0PSIxIiB4bWxucz0iaHR0cDovL3d3dy53My5vcmcvMjAwMC9zdmciPjwvc3ZnPg==\" style=\"--smush-placeholder-width: 768px; --smush-placeholder-aspect-ratio: 768\/1024;\" \/><\/figure>\n","protected":false},"excerpt":{"rendered":"<p>En el marco de hecho robo agravado denunciado el lunes pasado en horas de la madrugada&nbsp; y que fuera de p\u00fablico conocimiento la agresi\u00f3n hacia el presidente del Club Parana Seery. El hecho que delincuentes en los primeros minutos de de este lunes, despojaron de un tel\u00e9fono celular a un ciudadano de 52 a\u00f1os de [&hellip;]<\/p>\n","protected":false},"author":4,"featured_media":86269,"comment_status":"open","ping_status":"closed","sticky":false,"template":"","format":"standard","meta":{"om_disable_all_campaigns":false,"_jetpack_memberships_contains_paid_content":false,"footnotes":""},"categories":[50,2,103],"tags":[],"class_list":["post-86268","post","type-post","status-publish","format-standard","has-post-thumbnail","hentry","category-destacadas","category-locales","category-policiales-locales"],"aioseo_notices":[],"gutentor_comment":0,"jetpack_featured_media_url":"https:\/\/eldiariodesanpedro.com.ar\/sitio\/wp-content\/uploads\/2021\/01\/Sin-titulo-2-2.jpg","jetpack_shortlink":"https:\/\/wp.me\/p6RhLt-mrq","jetpack_sharing_enabled":true,"_links":{"self":[{"href":"https:\/\/eldiariodesanpedro.com.ar\/sitio\/wp-json\/wp\/v2\/posts\/86268","targetHints":{"allow":["GET"]}}],"collection":[{"href":"https:\/\/eldiariodesanpedro.com.ar\/sitio\/wp-json\/wp\/v2\/posts"}],"about":[{"href":"https:\/\/eldiariodesanpedro.com.ar\/sitio\/wp-json\/wp\/v2\/types\/post"}],"author":[{"embeddable":true,"href":"https:\/\/eldiariodesanpedro.com.ar\/sitio\/wp-json\/wp\/v2\/users\/4"}],"replies":[{"embeddable":true,"href":"https:\/\/eldiariodesanpedro.com.ar\/sitio\/wp-json\/wp\/v2\/comments?post=86268"}],"version-history":[{"count":1,"href":"https:\/\/eldiariodesanpedro.com.ar\/sitio\/wp-json\/wp\/v2\/posts\/86268\/revisions"}],"predecessor-version":[{"id":86271,"href":"https:\/\/eldiariodesanpedro.com.ar\/sitio\/wp-json\/wp\/v2\/posts\/86268\/revisions\/86271"}],"wp:featuredmedia":[{"embeddable":true,"href":"https:\/\/eldiariodesanpedro.com.ar\/sitio\/wp-json\/wp\/v2\/media\/86269"}],"wp:attachment":[{"href":"https:\/\/eldiariodesanpedro.com.ar\/sitio\/wp-json\/wp\/v2\/media?parent=86268"}],"wp:term":[{"taxonomy":"category","embeddable":true,"href":"https:\/\/eldiariodesanpedro.com.ar\/sitio\/wp-json\/wp\/v2\/categories?post=86268"},{"taxonomy":"post_tag","embeddable":true,"href":"https:\/\/eldiariodesanpedro.com.ar\/sitio\/wp-json\/wp\/v2\/tags?post=86268"}],"curies":[{"name":"wp","href":"https:\/\/api.w.org\/{rel}","templated":true}]}}