{"id":86262,"date":"2021-01-20T09:59:48","date_gmt":"2021-01-20T12:59:48","guid":{"rendered":"https:\/\/eldiariodesanpedro.com.ar\/sitio\/?p=86262"},"modified":"2021-01-20T09:59:52","modified_gmt":"2021-01-20T12:59:52","slug":"sanatorio-coopser-sigue-negociando-para-poder-habilitar-la-internacion-para-pacientes-covid","status":"publish","type":"post","link":"https:\/\/eldiariodesanpedro.com.ar\/sitio\/sanatorio-coopser-sigue-negociando-para-poder-habilitar-la-internacion-para-pacientes-covid\/","title":{"rendered":"Sanatorio Coopser sigue negociando para poder habilitar la internaci\u00f3n para pacientes covid"},"content":{"rendered":"<!-- VideographyWP Plugin Message: Automatic video embedding prevented by plugin options. -->\n\n<p>El Consejo de Administraci\u00f3n de COOPSER y SANATORIO COOPSER informan a toda la comunidad,&nbsp;que desde la comunicaci\u00f3n de la decisi\u00f3n del personal m\u00e9dico imprescindible para la atenci\u00f3n de Covid-19 sobre la interrupci\u00f3n de sus servicios, se han entablado negociaciones constantes para restablecer el funcionamiento implementado en el marco de la Pandemia.<\/p>\n\n\n\n<p>El Sanatorio COOPSER&nbsp;<strong>est\u00e1 plenamente en condiciones<\/strong>, realiz\u00f3 y realiza todas las inversiones necesarias para ofrecer a los pacientes la atenci\u00f3n correspondiente.<br><br>Adem\u00e1s, como fue informado oportunamente, se habilit\u00f3 un consultorio amarillo propio, para descomprimir la demanda del sector p\u00fablico y cuenta con una Unidad de Terapia Intensiva equipada para internar casos de Covid-19,&nbsp;<strong>siempre que se dispongan los recursos humanos necesarios.<\/strong><\/p>\n\n\n\n<p>En paralelo, continu\u00f3 brindando sus servicios de internaci\u00f3n, consultorios, y pr\u00e1cticas con todas las medidas de prevenci\u00f3n, adem\u00e1s de no haber discontinuado en ning\u00fan momento su guardia de 24 horas.<\/p>\n\n\n\n<p>El agotamiento al que se han visto sometidos los recursos humanos involucrados en la contenci\u00f3n de la Pandemia es conocido y reconocido por todos.&nbsp; Adem\u00e1s, los mismos profesionales, han estado involucrados en la atenci\u00f3n desde la Salud P\u00fablica, lo que constituye una situaci\u00f3n muy compleja.<\/p>\n\n\n\n<p>Comprometidos y ocupados en el tema, desde el Sanatorio se avanza en reuniones para arribar a un acuerdo que, ampl\u00ede las posibilidades disponibles, satisfaga las condiciones expuestas por los profesionales y resulte aceptable para esta administraci\u00f3n, para cumplir con cada uno de los puntos acordados.<br><br>El Sanatorio comunica adem\u00e1s&nbsp;<strong>que no percibe plus de ning\u00fan tipo por las prestaciones m\u00e9dicas<\/strong>&nbsp;excepto los acordados por las diferentes Obras Sociales suscriptos en sus respectivos convenios.<\/p>\n\n\n\n<p>Finalmente se informa a los medios de comunicaci\u00f3n que para contribuir con estas negociaciones, hasta que concluyan, no se brindar\u00e1n declaraciones p\u00fablicas.<\/p>\n","protected":false},"excerpt":{"rendered":"<p>El Consejo de Administraci\u00f3n de COOPSER y SANATORIO COOPSER informan a toda la comunidad,&nbsp;que desde la comunicaci\u00f3n de la decisi\u00f3n del personal m\u00e9dico imprescindible para la atenci\u00f3n de Covid-19 sobre la interrupci\u00f3n de sus servicios, se han entablado negociaciones constantes para restablecer el funcionamiento implementado en el marco de la Pandemia. El Sanatorio COOPSER&nbsp;est\u00e1 plenamente [&hellip;]<\/p>\n","protected":false},"author":4,"featured_media":75238,"comment_status":"open","ping_status":"closed","sticky":false,"template":"","format":"standard","meta":{"om_disable_all_campaigns":false,"_jetpack_memberships_contains_paid_content":false,"footnotes":""},"categories":[50,101,2],"tags":[],"class_list":["post-86262","post","type-post","status-publish","format-standard","has-post-thumbnail","hentry","category-destacadas","category-interes-general-locales","category-locales"],"aioseo_notices":[],"gutentor_comment":0,"jetpack_featured_media_url":"https:\/\/eldiariodesanpedro.com.ar\/sitio\/wp-content\/uploads\/2020\/06\/RespiradorSanaCoopser.jpg","jetpack_shortlink":"https:\/\/wp.me\/p6RhLt-mrk","jetpack_sharing_enabled":true,"_links":{"self":[{"href":"https:\/\/eldiariodesanpedro.com.ar\/sitio\/wp-json\/wp\/v2\/posts\/86262","targetHints":{"allow":["GET"]}}],"collection":[{"href":"https:\/\/eldiariodesanpedro.com.ar\/sitio\/wp-json\/wp\/v2\/posts"}],"about":[{"href":"https:\/\/eldiariodesanpedro.com.ar\/sitio\/wp-json\/wp\/v2\/types\/post"}],"author":[{"embeddable":true,"href":"https:\/\/eldiariodesanpedro.com.ar\/sitio\/wp-json\/wp\/v2\/users\/4"}],"replies":[{"embeddable":true,"href":"https:\/\/eldiariodesanpedro.com.ar\/sitio\/wp-json\/wp\/v2\/comments?post=86262"}],"version-history":[{"count":1,"href":"https:\/\/eldiariodesanpedro.com.ar\/sitio\/wp-json\/wp\/v2\/posts\/86262\/revisions"}],"predecessor-version":[{"id":86264,"href":"https:\/\/eldiariodesanpedro.com.ar\/sitio\/wp-json\/wp\/v2\/posts\/86262\/revisions\/86264"}],"wp:featuredmedia":[{"embeddable":true,"href":"https:\/\/eldiariodesanpedro.com.ar\/sitio\/wp-json\/wp\/v2\/media\/75238"}],"wp:attachment":[{"href":"https:\/\/eldiariodesanpedro.com.ar\/sitio\/wp-json\/wp\/v2\/media?parent=86262"}],"wp:term":[{"taxonomy":"category","embeddable":true,"href":"https:\/\/eldiariodesanpedro.com.ar\/sitio\/wp-json\/wp\/v2\/categories?post=86262"},{"taxonomy":"post_tag","embeddable":true,"href":"https:\/\/eldiariodesanpedro.com.ar\/sitio\/wp-json\/wp\/v2\/tags?post=86262"}],"curies":[{"name":"wp","href":"https:\/\/api.w.org\/{rel}","templated":true}]}}