{"id":86260,"date":"2021-01-20T09:56:00","date_gmt":"2021-01-20T12:56:00","guid":{"rendered":"https:\/\/eldiariodesanpedro.com.ar\/sitio\/?p=86260"},"modified":"2021-01-20T09:56:04","modified_gmt":"2021-01-20T12:56:04","slug":"calendario-de-pago-anses-para-hoy-miercoles","status":"publish","type":"post","link":"https:\/\/eldiariodesanpedro.com.ar\/sitio\/calendario-de-pago-anses-para-hoy-miercoles\/","title":{"rendered":"Calendario de pago Anses para hoy mi\u00e9rcoles"},"content":{"rendered":"<!-- VideographyWP Plugin Message: Automatic video embedding prevented by plugin options. -->\n\n<p>La ANSES, organismo a cargo de Fernanda Raverta, informa que hoy se abonan jubilaciones, pensiones, Asignaci\u00f3n Universal por Hijo y por Embarazo, Asignaciones Familiares y Programa Repro II.<\/p>\n\n\n\n<p><strong>Jubilaciones y pensiones del Sistema Integrado Previsional Argentino (SIPA)<\/strong><\/p>\n\n\n\n<p>Las sucursales bancarias habilitadas atender\u00e1n por ventanilla solo a los jubilados y pensionados con documentos terminados en <strong>7 <\/strong>cuyos<strong> haberes NO SUPEREN la suma de $21.393<\/strong>.<\/p>\n\n\n\n<p>En este sentido, si bien estas personas no tienen que solicitar turno previo para cobrar el beneficio, deben acercarse a la sucursal bancaria \u00fanicamente en la fecha asignada. Cabe recordar que los haberes permanecer\u00e1n depositados en sus cuentas.<\/p>\n\n\n\n<p><strong>Asignaci\u00f3n Universal por Hijo (AUH) y Asignaci\u00f3n Familiar por Hijo<\/strong><\/p>\n\n\n\n<p>Con la utilizaci\u00f3n de la tarjeta de d\u00e9bito, hoy perciben la Asignaci\u00f3n Universal por Hijo y la Asignaci\u00f3n Familiar por Hijo los titulares con documentos concluidos en <strong>6<\/strong>.<\/p>\n\n\n\n<p><strong>Asignaci\u00f3n Universal por Embarazo (AUE)<\/strong><\/p>\n\n\n\n<p>Con la utilizaci\u00f3n de la tarjeta de d\u00e9bito, hoy perciben la Asignaci\u00f3n Universal por Embarazo las titulares con documentos concluidos en <strong>7<\/strong>.<\/p>\n\n\n\n<p><strong>Programa REPRO II<\/strong><\/p>\n\n\n\n<p>Hoy se realizar\u00e1 el pago a 111.631 beneficiarios del Programa de Recuperaci\u00f3n Productiva II (REPRO II) de la AFIP.<\/p>\n\n\n\n<p>De este modo, el Estado Nacional realizar\u00e1 una inversi\u00f3n total de 999.586.349 de pesos para dar alivio econ\u00f3mico a las compa\u00f1\u00edas y a los empleados afectados directamente por la ca\u00edda de la actividad debido al Covid-19.<\/p>\n","protected":false},"excerpt":{"rendered":"<p>La ANSES, organismo a cargo de Fernanda Raverta, informa que hoy se abonan jubilaciones, pensiones, Asignaci\u00f3n Universal por Hijo y por Embarazo, Asignaciones Familiares y Programa Repro II. Jubilaciones y pensiones del Sistema Integrado Previsional Argentino (SIPA) Las sucursales bancarias habilitadas atender\u00e1n por ventanilla solo a los jubilados y pensionados con documentos terminados en 7 [&hellip;]<\/p>\n","protected":false},"author":4,"featured_media":79416,"comment_status":"open","ping_status":"closed","sticky":false,"template":"","format":"standard","meta":{"om_disable_all_campaigns":false,"_jetpack_memberships_contains_paid_content":false,"footnotes":""},"categories":[101,2],"tags":[],"class_list":["post-86260","post","type-post","status-publish","format-standard","has-post-thumbnail","hentry","category-interes-general-locales","category-locales"],"aioseo_notices":[],"gutentor_comment":0,"jetpack_featured_media_url":"https:\/\/eldiariodesanpedro.com.ar\/sitio\/wp-content\/uploads\/2020\/08\/3060604-e1597404396101.jpg","jetpack_shortlink":"https:\/\/wp.me\/p6RhLt-mri","jetpack_sharing_enabled":true,"_links":{"self":[{"href":"https:\/\/eldiariodesanpedro.com.ar\/sitio\/wp-json\/wp\/v2\/posts\/86260","targetHints":{"allow":["GET"]}}],"collection":[{"href":"https:\/\/eldiariodesanpedro.com.ar\/sitio\/wp-json\/wp\/v2\/posts"}],"about":[{"href":"https:\/\/eldiariodesanpedro.com.ar\/sitio\/wp-json\/wp\/v2\/types\/post"}],"author":[{"embeddable":true,"href":"https:\/\/eldiariodesanpedro.com.ar\/sitio\/wp-json\/wp\/v2\/users\/4"}],"replies":[{"embeddable":true,"href":"https:\/\/eldiariodesanpedro.com.ar\/sitio\/wp-json\/wp\/v2\/comments?post=86260"}],"version-history":[{"count":1,"href":"https:\/\/eldiariodesanpedro.com.ar\/sitio\/wp-json\/wp\/v2\/posts\/86260\/revisions"}],"predecessor-version":[{"id":86261,"href":"https:\/\/eldiariodesanpedro.com.ar\/sitio\/wp-json\/wp\/v2\/posts\/86260\/revisions\/86261"}],"wp:featuredmedia":[{"embeddable":true,"href":"https:\/\/eldiariodesanpedro.com.ar\/sitio\/wp-json\/wp\/v2\/media\/79416"}],"wp:attachment":[{"href":"https:\/\/eldiariodesanpedro.com.ar\/sitio\/wp-json\/wp\/v2\/media?parent=86260"}],"wp:term":[{"taxonomy":"category","embeddable":true,"href":"https:\/\/eldiariodesanpedro.com.ar\/sitio\/wp-json\/wp\/v2\/categories?post=86260"},{"taxonomy":"post_tag","embeddable":true,"href":"https:\/\/eldiariodesanpedro.com.ar\/sitio\/wp-json\/wp\/v2\/tags?post=86260"}],"curies":[{"name":"wp","href":"https:\/\/api.w.org\/{rel}","templated":true}]}}