{"id":86249,"date":"2021-01-19T19:57:37","date_gmt":"2021-01-19T22:57:37","guid":{"rendered":"https:\/\/eldiariodesanpedro.com.ar\/sitio\/?p=86249"},"modified":"2021-01-19T19:57:41","modified_gmt":"2021-01-19T22:57:41","slug":"el-gobernador-kicillof-afirmo-que-los-casos-se-estabilizan-pero-se-mantienen-las-medidas-de-restriccion","status":"publish","type":"post","link":"https:\/\/eldiariodesanpedro.com.ar\/sitio\/el-gobernador-kicillof-afirmo-que-los-casos-se-estabilizan-pero-se-mantienen-las-medidas-de-restriccion\/","title":{"rendered":"El Gobernador Kicillof afirm\u00f3 que los casos se estabilizan pero se mantienen las medidas de restricci\u00f3n"},"content":{"rendered":"<!-- VideographyWP Plugin Message: Automatic video embedding prevented by plugin options. -->\n\n<p><strong>El gobernador bonaerense, Axel Kicillof, asegur\u00f3 que los casos de coronavirus en la provincia de Buenos Aires \u201cse estabilizaron y hasta hubo una leve baja\u201d en la \u00faltima semana, pero ratific\u00f3 que continuar\u00e1 vigente la reducci\u00f3n a 10 personas para reuniones privadas y la restricci\u00f3n nocturna de actividades en los municipios que se encuentren en las fases 3 y 4.<\/strong><\/p>\n\n\n\n<p>\u201cEste mes inesperadamente comenzaron a crecer los casos y de 1.300 que ten\u00edamos el 7 de diciembre pasamos un mes despu\u00e9s a 4.500, por lo que ante un crecimiento explosivo apostamos al trabajo conjunto para tomar decisiones que nos permitan combatir ese brote\u201d, explic\u00f3.<\/p>\n\n\n\n<p>El gobernador agreg\u00f3 que \u201chac\u00eda falta volver a tensar lo que se hab\u00eda relajado que eran los cuidados\u201d y consign\u00f3 que las restricciones a las reuniones y a las actividades nocturnas \u201cfueron efectivas y un \u00e9xito\u201d.<\/p>\n\n\n\n<p>\u201cVen\u00edamos con una duplicaci\u00f3n de casos cada 15 d\u00edas y si segu\u00eda \u00edbamos a pasar a los 9.000 casos, pero con esas medidas logramos estabilizar los contagios y hasta una leve baja esta semana\u201d, detall\u00f3.<\/p>\n\n\n\n<p>Kicillof formul\u00f3 declaraciones luego de una reuni\u00f3n que mantuvo con intendentes en el partido bonaerense de Monte Hermoso para analizar la situaci\u00f3n epidemiol\u00f3gica de los municipios, tal como lo hace en forma semanal.<\/p>\n\n\n\n<p><strong>El mandatario asegur\u00f3 que \u201chay que consolidar esa reducci\u00f3n de los casos\u201d y agreg\u00f3 que si la baja \u201cse acent\u00faa, se podr\u00e1 flexibilizar de nuevo\u201d.<\/strong><\/p>\n\n\n\n<p>Sin embargo, advirti\u00f3 que el levantamiento de las restricciones \u201cno ser\u00e1 resultado de las presiones de la prensa, de los pol\u00edticos opositores ni de ning\u00fan oportunista que quiera hacer con esto un negocio pol\u00edtico\u201d.<\/p>\n\n\n\n<p>\u201cSi siguen los contagios, siguen los enfermos y siguen los muertos y eso no lo vamos a permitir. Presione quien presione\u201d, grafic\u00f3.<\/p>\n\n\n\n<p><strong>El gobernador pidi\u00f3 adem\u00e1s que \u201cla corten con la campa\u00f1a antivacuna\u201d y precis\u00f3 que la provincia de Buenos Aires ya tiene un mill\u00f3n de preinscriptos para inmunizarse contra el coronavirus.<\/strong><\/p>\n\n\n\n<p>En ese aspecto, detall\u00f3 que de las 123 mil dosis que recibi\u00f3 la provincia se reservaron unas 23 mil para los mayores de 60 a\u00f1os, a los que se les aplicar\u00e1 una vez que sea aprobada por el Anmat y adelant\u00f3 que \u201csi todo transcurre de acuerdo con lo previsto en febrero habr\u00e1 1,5 millones de vacunados\u201d.<\/p>\n\n\n\n<p>Por otra parte, se manifest\u00f3 conforme con la temporada tur\u00edstica bonaerense que fue el destino mas elegido del pa\u00eds por los turistas.<\/p>\n\n\n\n<p><strong>\u201cLos invito a que sigan disfrutando de la provincia de Buenos Aires que fue el destino m\u00e1s elegido\u201d, destac\u00f3, y explic\u00f3 que de acuerdo con el relevamiento de los intendentes \u201cla temporada estuvo en un 60% de lo habitual por lo que dijo estar satisfecho \u201cpor lo logrado\u201d.<\/strong><\/p>\n\n\n\n<p>En tanto, el ministro de Salud provincial, Daniel Gollan, precis\u00f3: \u201cEmpezamos a caminar un sendero que comienza por una estabilizaci\u00f3n de los casos y si seguimos cumpliendo con los protocolos es posible que se transforme en una l\u00ednea de descenso\u201d.<\/p>\n\n\n\n<p>El funcionario puntualiz\u00f3 que tambi\u00e9n se estabilizaron las llamadas al n\u00famero gratuito 148 por casos sospechosos de coronavirus y que la positividad \u201choy est\u00e1 entre un 19 y 20% cuando se hab\u00eda disparado a casi el 50%\u201d.<\/p>\n\n\n\n<p>Gollan dijo tambi\u00e9n que el aumento de casos \u201cno impact\u00f3 sobre las camas de terapia intensiva\u201d y reiter\u00f3 que la provincia de Buenos Aires cuenta con la red para que cada bonaerense \u201ctenga garantizada una cama de UTI si no hay disponible en el lugar que habita\u201d.<\/p>\n\n\n\n<p>Ademas de Gollan, de la reuni\u00f3n participaron el jefe de Gabinete, Carlos Bianco, y el ministro de Seguridad provincial, Sergio Berni.<\/p>\n\n\n\n<p><\/p>\n","protected":false},"excerpt":{"rendered":"<p>El gobernador bonaerense, Axel Kicillof, asegur\u00f3 que los casos de coronavirus en la provincia de Buenos Aires \u201cse estabilizaron y hasta hubo una leve baja\u201d en la \u00faltima semana, pero ratific\u00f3 que continuar\u00e1 vigente la reducci\u00f3n a 10 personas para reuniones privadas y la restricci\u00f3n nocturna de actividades en los municipios que se encuentren en [&hellip;]<\/p>\n","protected":false},"author":4,"featured_media":86250,"comment_status":"open","ping_status":"closed","sticky":false,"template":"","format":"standard","meta":{"om_disable_all_campaigns":false,"_jetpack_memberships_contains_paid_content":false,"footnotes":""},"categories":[621],"tags":[],"class_list":["post-86249","post","type-post","status-publish","format-standard","has-post-thumbnail","hentry","category-regionales"],"aioseo_notices":[],"gutentor_comment":0,"jetpack_featured_media_url":"https:\/\/eldiariodesanpedro.com.ar\/sitio\/wp-content\/uploads\/2021\/01\/gobernador-kicillof.jpg","jetpack_shortlink":"https:\/\/wp.me\/p6RhLt-mr7","jetpack_sharing_enabled":true,"_links":{"self":[{"href":"https:\/\/eldiariodesanpedro.com.ar\/sitio\/wp-json\/wp\/v2\/posts\/86249","targetHints":{"allow":["GET"]}}],"collection":[{"href":"https:\/\/eldiariodesanpedro.com.ar\/sitio\/wp-json\/wp\/v2\/posts"}],"about":[{"href":"https:\/\/eldiariodesanpedro.com.ar\/sitio\/wp-json\/wp\/v2\/types\/post"}],"author":[{"embeddable":true,"href":"https:\/\/eldiariodesanpedro.com.ar\/sitio\/wp-json\/wp\/v2\/users\/4"}],"replies":[{"embeddable":true,"href":"https:\/\/eldiariodesanpedro.com.ar\/sitio\/wp-json\/wp\/v2\/comments?post=86249"}],"version-history":[{"count":1,"href":"https:\/\/eldiariodesanpedro.com.ar\/sitio\/wp-json\/wp\/v2\/posts\/86249\/revisions"}],"predecessor-version":[{"id":86251,"href":"https:\/\/eldiariodesanpedro.com.ar\/sitio\/wp-json\/wp\/v2\/posts\/86249\/revisions\/86251"}],"wp:featuredmedia":[{"embeddable":true,"href":"https:\/\/eldiariodesanpedro.com.ar\/sitio\/wp-json\/wp\/v2\/media\/86250"}],"wp:attachment":[{"href":"https:\/\/eldiariodesanpedro.com.ar\/sitio\/wp-json\/wp\/v2\/media?parent=86249"}],"wp:term":[{"taxonomy":"category","embeddable":true,"href":"https:\/\/eldiariodesanpedro.com.ar\/sitio\/wp-json\/wp\/v2\/categories?post=86249"},{"taxonomy":"post_tag","embeddable":true,"href":"https:\/\/eldiariodesanpedro.com.ar\/sitio\/wp-json\/wp\/v2\/tags?post=86249"}],"curies":[{"name":"wp","href":"https:\/\/api.w.org\/{rel}","templated":true}]}}