{"id":86240,"date":"2021-01-19T19:07:40","date_gmt":"2021-01-19T22:07:40","guid":{"rendered":"https:\/\/eldiariodesanpedro.com.ar\/sitio\/?p=86240"},"modified":"2021-01-19T19:20:18","modified_gmt":"2021-01-19T22:20:18","slug":"relanzamiento-de-los-planes-de-la-oficina-de-empleo","status":"publish","type":"post","link":"https:\/\/eldiariodesanpedro.com.ar\/sitio\/relanzamiento-de-los-planes-de-la-oficina-de-empleo\/","title":{"rendered":"Relanzamiento de los planes de la Oficina de Empleo"},"content":{"rendered":"<!-- VideographyWP Plugin Message: Automatic video embedding prevented by plugin options. -->\n\n<p>El Intendente Municipal Cecilio Salazar, el Secretario de Gobierno Silvio Corti y la Secretaria de Turismo Marcela Cu\u00f1er (a cargo de la Secretar\u00eda de Desarrollo Econ\u00f3mico) y el Coordinador de Producci\u00f3n Hugo Ram\u00edrez, recibieron esta ma\u00f1ana al Jefe de la Agencia Territorial de San Nicol\u00e1s dependiente del Ministerio de Trabajo de la Naci\u00f3n, Emmanuel Guadagnoli, quien hace pocos d\u00edas asumi\u00f3 su cargo y realiza una recorrida de presentaci\u00f3n por los distritos que tiene en su jurisdicci\u00f3n.<\/p>\n\n\n\n<p>En San Pedro, esta visita coincide con un relanzamiento que tendr\u00e1 lugar en los pr\u00f3ximos d\u00edas para ofrecer a toda la comunidad la informaci\u00f3n necesaria para acceder a los planes que son impulsados desde el gobierno nacional y que a nivel local gestiona la Oficina de Empleo, dependiente de la Secretar\u00eda de Desarrollo Econ\u00f3mico.<\/p>\n\n\n\n<p>El funcionario repas\u00f3 los planes existentes y disponibles para la zona y coment\u00f3 detalles sobre otras iniciativas en marcha, destinadas a la formaci\u00f3n, capacitaci\u00f3n y oferta laboral.<\/p>\n\n\n\n<p>Junto a Guadagnoli participaron del encuentro Yael Azara y Alexis Burec tambi\u00e9n integrantes de la AT San Nicol\u00e1s, con quienes visit\u00f3 la oficina ubicada en Ayacucho 299, en la que se administra la informaci\u00f3n relacionada con la b\u00fasqueda de perfiles laborales para cubrir los puestos de trabajo solicitados por las empresas.<\/p>\n\n\n\n<p>Para la pr\u00f3xima semana se convocar\u00e1 a una conferencia de prensa en la que se ampliar\u00e1n detalles sobre la nueva din\u00e1mica de esta oficina y sus propuestas para incrementar las oportunidades de formaci\u00f3n y empleo, especialmente de los m\u00e1s j\u00f3venes.<\/p>\n\n\n\n<figure class=\"wp-block-image size-large\"><img decoding=\"async\" width=\"1024\" height=\"580\" data-attachment-id=\"86244\" data-permalink=\"https:\/\/eldiariodesanpedro.com.ar\/sitio\/relanzamiento-de-los-planes-de-la-oficina-de-empleo\/whatsapp-image-2021-01-19-at-18-57-34\/\" data-orig-file=\"https:\/\/eldiariodesanpedro.com.ar\/sitio\/wp-content\/uploads\/2021\/01\/WhatsApp-Image-2021-01-19-at-18.57.34.jpeg\" data-orig-size=\"1280,725\" data-comments-opened=\"1\" data-image-meta=\"{&quot;aperture&quot;:&quot;0&quot;,&quot;credit&quot;:&quot;&quot;,&quot;camera&quot;:&quot;&quot;,&quot;caption&quot;:&quot;&quot;,&quot;created_timestamp&quot;:&quot;0&quot;,&quot;copyright&quot;:&quot;&quot;,&quot;focal_length&quot;:&quot;0&quot;,&quot;iso&quot;:&quot;0&quot;,&quot;shutter_speed&quot;:&quot;0&quot;,&quot;title&quot;:&quot;&quot;,&quot;orientation&quot;:&quot;0&quot;}\" data-image-title=\"WhatsApp Image 2021-01-19 at 18.57.34\" data-image-description=\"\" data-image-caption=\"\" data-large-file=\"https:\/\/eldiariodesanpedro.com.ar\/sitio\/wp-content\/uploads\/2021\/01\/WhatsApp-Image-2021-01-19-at-18.57.34-1024x580.jpeg\" data-src=\"https:\/\/eldiariodesanpedro.com.ar\/sitio\/wp-content\/uploads\/2021\/01\/WhatsApp-Image-2021-01-19-at-18.57.34-1024x580.jpeg\" alt=\"\" class=\"wp-image-86244 lazyload\" data-srcset=\"https:\/\/eldiariodesanpedro.com.ar\/sitio\/wp-content\/uploads\/2021\/01\/WhatsApp-Image-2021-01-19-at-18.57.34-1024x580.jpeg 1024w, https:\/\/eldiariodesanpedro.com.ar\/sitio\/wp-content\/uploads\/2021\/01\/WhatsApp-Image-2021-01-19-at-18.57.34-300x170.jpeg 300w, https:\/\/eldiariodesanpedro.com.ar\/sitio\/wp-content\/uploads\/2021\/01\/WhatsApp-Image-2021-01-19-at-18.57.34-768x435.jpeg 768w, https:\/\/eldiariodesanpedro.com.ar\/sitio\/wp-content\/uploads\/2021\/01\/WhatsApp-Image-2021-01-19-at-18.57.34.jpeg 1280w\" data-sizes=\"(max-width: 1024px) 100vw, 1024px\" src=\"data:image\/svg+xml;base64,PHN2ZyB3aWR0aD0iMSIgaGVpZ2h0PSIxIiB4bWxucz0iaHR0cDovL3d3dy53My5vcmcvMjAwMC9zdmciPjwvc3ZnPg==\" style=\"--smush-placeholder-width: 1024px; --smush-placeholder-aspect-ratio: 1024\/580;\" \/><\/figure>\n\n\n\n<figure class=\"wp-block-image size-large\"><img decoding=\"async\" width=\"1024\" height=\"768\" data-attachment-id=\"86243\" data-permalink=\"https:\/\/eldiariodesanpedro.com.ar\/sitio\/relanzamiento-de-los-planes-de-la-oficina-de-empleo\/whatsapp-image-2021-01-19-at-18-57-34-1\/\" data-orig-file=\"https:\/\/eldiariodesanpedro.com.ar\/sitio\/wp-content\/uploads\/2021\/01\/WhatsApp-Image-2021-01-19-at-18.57.34-1.jpeg\" data-orig-size=\"1280,960\" data-comments-opened=\"1\" data-image-meta=\"{&quot;aperture&quot;:&quot;0&quot;,&quot;credit&quot;:&quot;&quot;,&quot;camera&quot;:&quot;&quot;,&quot;caption&quot;:&quot;&quot;,&quot;created_timestamp&quot;:&quot;0&quot;,&quot;copyright&quot;:&quot;&quot;,&quot;focal_length&quot;:&quot;0&quot;,&quot;iso&quot;:&quot;0&quot;,&quot;shutter_speed&quot;:&quot;0&quot;,&quot;title&quot;:&quot;&quot;,&quot;orientation&quot;:&quot;0&quot;}\" data-image-title=\"WhatsApp Image 2021-01-19 at 18.57.34 (1)\" data-image-description=\"\" data-image-caption=\"\" data-large-file=\"https:\/\/eldiariodesanpedro.com.ar\/sitio\/wp-content\/uploads\/2021\/01\/WhatsApp-Image-2021-01-19-at-18.57.34-1-1024x768.jpeg\" data-src=\"https:\/\/eldiariodesanpedro.com.ar\/sitio\/wp-content\/uploads\/2021\/01\/WhatsApp-Image-2021-01-19-at-18.57.34-1-1024x768.jpeg\" alt=\"\" class=\"wp-image-86243 lazyload\" data-srcset=\"https:\/\/eldiariodesanpedro.com.ar\/sitio\/wp-content\/uploads\/2021\/01\/WhatsApp-Image-2021-01-19-at-18.57.34-1-1024x768.jpeg 1024w, https:\/\/eldiariodesanpedro.com.ar\/sitio\/wp-content\/uploads\/2021\/01\/WhatsApp-Image-2021-01-19-at-18.57.34-1-300x225.jpeg 300w, https:\/\/eldiariodesanpedro.com.ar\/sitio\/wp-content\/uploads\/2021\/01\/WhatsApp-Image-2021-01-19-at-18.57.34-1-768x576.jpeg 768w, https:\/\/eldiariodesanpedro.com.ar\/sitio\/wp-content\/uploads\/2021\/01\/WhatsApp-Image-2021-01-19-at-18.57.34-1-500x375.jpeg 500w, https:\/\/eldiariodesanpedro.com.ar\/sitio\/wp-content\/uploads\/2021\/01\/WhatsApp-Image-2021-01-19-at-18.57.34-1.jpeg 1280w\" data-sizes=\"(max-width: 1024px) 100vw, 1024px\" src=\"data:image\/svg+xml;base64,PHN2ZyB3aWR0aD0iMSIgaGVpZ2h0PSIxIiB4bWxucz0iaHR0cDovL3d3dy53My5vcmcvMjAwMC9zdmciPjwvc3ZnPg==\" style=\"--smush-placeholder-width: 1024px; --smush-placeholder-aspect-ratio: 1024\/768;\" \/><\/figure>\n","protected":false},"excerpt":{"rendered":"<p>El Intendente Municipal Cecilio Salazar, el Secretario de Gobierno Silvio Corti y la Secretaria de Turismo Marcela Cu\u00f1er (a cargo de la Secretar\u00eda de Desarrollo Econ\u00f3mico) y el Coordinador de Producci\u00f3n Hugo Ram\u00edrez, recibieron esta ma\u00f1ana al Jefe de la Agencia Territorial de San Nicol\u00e1s dependiente del Ministerio de Trabajo de la Naci\u00f3n, Emmanuel Guadagnoli, [&hellip;]<\/p>\n","protected":false},"author":4,"featured_media":86241,"comment_status":"open","ping_status":"closed","sticky":false,"template":"","format":"standard","meta":{"om_disable_all_campaigns":false,"_jetpack_memberships_contains_paid_content":false,"footnotes":""},"categories":[101,2],"tags":[],"class_list":["post-86240","post","type-post","status-publish","format-standard","has-post-thumbnail","hentry","category-interes-general-locales","category-locales"],"aioseo_notices":[],"gutentor_comment":0,"jetpack_featured_media_url":"https:\/\/eldiariodesanpedro.com.ar\/sitio\/wp-content\/uploads\/2021\/01\/WhatsApp-Image-2021-01-19-at-18.57.28.jpeg","jetpack_shortlink":"https:\/\/wp.me\/p6RhLt-mqY","jetpack_sharing_enabled":true,"_links":{"self":[{"href":"https:\/\/eldiariodesanpedro.com.ar\/sitio\/wp-json\/wp\/v2\/posts\/86240","targetHints":{"allow":["GET"]}}],"collection":[{"href":"https:\/\/eldiariodesanpedro.com.ar\/sitio\/wp-json\/wp\/v2\/posts"}],"about":[{"href":"https:\/\/eldiariodesanpedro.com.ar\/sitio\/wp-json\/wp\/v2\/types\/post"}],"author":[{"embeddable":true,"href":"https:\/\/eldiariodesanpedro.com.ar\/sitio\/wp-json\/wp\/v2\/users\/4"}],"replies":[{"embeddable":true,"href":"https:\/\/eldiariodesanpedro.com.ar\/sitio\/wp-json\/wp\/v2\/comments?post=86240"}],"version-history":[{"count":2,"href":"https:\/\/eldiariodesanpedro.com.ar\/sitio\/wp-json\/wp\/v2\/posts\/86240\/revisions"}],"predecessor-version":[{"id":86248,"href":"https:\/\/eldiariodesanpedro.com.ar\/sitio\/wp-json\/wp\/v2\/posts\/86240\/revisions\/86248"}],"wp:featuredmedia":[{"embeddable":true,"href":"https:\/\/eldiariodesanpedro.com.ar\/sitio\/wp-json\/wp\/v2\/media\/86241"}],"wp:attachment":[{"href":"https:\/\/eldiariodesanpedro.com.ar\/sitio\/wp-json\/wp\/v2\/media?parent=86240"}],"wp:term":[{"taxonomy":"category","embeddable":true,"href":"https:\/\/eldiariodesanpedro.com.ar\/sitio\/wp-json\/wp\/v2\/categories?post=86240"},{"taxonomy":"post_tag","embeddable":true,"href":"https:\/\/eldiariodesanpedro.com.ar\/sitio\/wp-json\/wp\/v2\/tags?post=86240"}],"curies":[{"name":"wp","href":"https:\/\/api.w.org\/{rel}","templated":true}]}}