{"id":86238,"date":"2021-01-19T18:56:35","date_gmt":"2021-01-19T21:56:35","guid":{"rendered":"https:\/\/eldiariodesanpedro.com.ar\/sitio\/?p=86238"},"modified":"2021-01-19T18:56:36","modified_gmt":"2021-01-19T21:56:36","slug":"grave-accidente-donde-un-joven-ciclista-fue-embestido-de-frente-por-una-camioneta","status":"publish","type":"post","link":"https:\/\/eldiariodesanpedro.com.ar\/sitio\/grave-accidente-donde-un-joven-ciclista-fue-embestido-de-frente-por-una-camioneta\/","title":{"rendered":"Grave accidente donde un joven ciclista fue embestido de frente por una camioneta"},"content":{"rendered":"<!-- VideographyWP Plugin Message: Automatic video embedding prevented by plugin options. -->\n\n<p>En la jornada de hoy ocurri\u00f3 un accidente de tr\u00e1nsito en cercan\u00edas a la localidad de Vuelta de Obligado donde un ciclista fue colisionado por una camioneta.<\/p>\n\n\n\n<p>El siniestro ocurri\u00f3 pasadas las 14 hs en el camino a Vuelta de Obligado en la curva anterior a la llegada de esa localidad donde por motivos que se tratan de establecer una camioneta marca Jeep color negra en la que circulaba una mujer de 72 a\u00f1os colision\u00f3 a un ciclista de 24 a\u00f1os de edad que se encontraba entrenando, como habitualmente lo hacen en esa zona.<\/p>\n\n\n\n<p>El joven fue identificado como Agust\u00edn Basualdo qu\u00e9 fue trasladado en ambulancia al la Guardia del nosocomio local donde ingres\u00f3 consciente y fue atendido por los m\u00e9dicos determinaron que presentaba un fuerte golpe en el rostro con traumatismos pero adem\u00e1s sufri\u00f3 una fractura en una de sus mu\u00f1ecas por lo que debi\u00f3 ser intervenido quir\u00fargicamente.<\/p>\n\n\n\n<p>Seg\u00fan se pudo establecer por los dichos de la conductora, habr\u00eda perdido el control del rodado cuando se dirig\u00eda en direcci\u00f3n a Vuelta de Obligado cruz\u00e1ndose de carril e impactando de frente al ciclista que sali\u00f3 de la localidad en direcci\u00f3n hacia San Pedro.<\/p>\n\n\n\n<p>Afortunadamente solo impact\u00f3 a Agust\u00edn que ven\u00eda solo ya que a pocos metros ven\u00eda un pelot\u00f3n con m\u00e1s ciclistas.<\/p>\n","protected":false},"excerpt":{"rendered":"<p>En la jornada de hoy ocurri\u00f3 un accidente de tr\u00e1nsito en cercan\u00edas a la localidad de Vuelta de Obligado donde un ciclista fue colisionado por una camioneta. El siniestro ocurri\u00f3 pasadas las 14 hs en el camino a Vuelta de Obligado en la curva anterior a la llegada de esa localidad donde por motivos que [&hellip;]<\/p>\n","protected":false},"author":4,"featured_media":86227,"comment_status":"open","ping_status":"closed","sticky":false,"template":"","format":"standard","meta":{"om_disable_all_campaigns":false,"_jetpack_memberships_contains_paid_content":false,"footnotes":""},"categories":[50,2,103],"tags":[],"class_list":["post-86238","post","type-post","status-publish","format-standard","has-post-thumbnail","hentry","category-destacadas","category-locales","category-policiales-locales"],"aioseo_notices":[],"gutentor_comment":0,"jetpack_featured_media_url":"https:\/\/eldiariodesanpedro.com.ar\/sitio\/wp-content\/uploads\/2021\/01\/WhatsApp-Image-2021-01-19-at-18.19.23.jpeg","jetpack_shortlink":"https:\/\/wp.me\/p6RhLt-mqW","jetpack_sharing_enabled":true,"_links":{"self":[{"href":"https:\/\/eldiariodesanpedro.com.ar\/sitio\/wp-json\/wp\/v2\/posts\/86238","targetHints":{"allow":["GET"]}}],"collection":[{"href":"https:\/\/eldiariodesanpedro.com.ar\/sitio\/wp-json\/wp\/v2\/posts"}],"about":[{"href":"https:\/\/eldiariodesanpedro.com.ar\/sitio\/wp-json\/wp\/v2\/types\/post"}],"author":[{"embeddable":true,"href":"https:\/\/eldiariodesanpedro.com.ar\/sitio\/wp-json\/wp\/v2\/users\/4"}],"replies":[{"embeddable":true,"href":"https:\/\/eldiariodesanpedro.com.ar\/sitio\/wp-json\/wp\/v2\/comments?post=86238"}],"version-history":[{"count":1,"href":"https:\/\/eldiariodesanpedro.com.ar\/sitio\/wp-json\/wp\/v2\/posts\/86238\/revisions"}],"predecessor-version":[{"id":86239,"href":"https:\/\/eldiariodesanpedro.com.ar\/sitio\/wp-json\/wp\/v2\/posts\/86238\/revisions\/86239"}],"wp:featuredmedia":[{"embeddable":true,"href":"https:\/\/eldiariodesanpedro.com.ar\/sitio\/wp-json\/wp\/v2\/media\/86227"}],"wp:attachment":[{"href":"https:\/\/eldiariodesanpedro.com.ar\/sitio\/wp-json\/wp\/v2\/media?parent=86238"}],"wp:term":[{"taxonomy":"category","embeddable":true,"href":"https:\/\/eldiariodesanpedro.com.ar\/sitio\/wp-json\/wp\/v2\/categories?post=86238"},{"taxonomy":"post_tag","embeddable":true,"href":"https:\/\/eldiariodesanpedro.com.ar\/sitio\/wp-json\/wp\/v2\/tags?post=86238"}],"curies":[{"name":"wp","href":"https:\/\/api.w.org\/{rel}","templated":true}]}}