{"id":86234,"date":"2021-01-19T18:51:33","date_gmt":"2021-01-19T21:51:33","guid":{"rendered":"https:\/\/eldiariodesanpedro.com.ar\/sitio\/?p=86234"},"modified":"2021-01-19T18:51:38","modified_gmt":"2021-01-19T21:51:38","slug":"zarate-detuvieron-a-dos-sujetos-acusados-de-atacar-a-botellazos-a-un-joven-en-un-boliche-de-mar-del-plata","status":"publish","type":"post","link":"https:\/\/eldiariodesanpedro.com.ar\/sitio\/zarate-detuvieron-a-dos-sujetos-acusados-de-atacar-a-botellazos-a-un-joven-en-un-boliche-de-mar-del-plata\/","title":{"rendered":"Z\u00c1RATE | Detuvieron a dos sujetos acusados de atacar a botellazos a un joven en un boliche de Mar del Plata"},"content":{"rendered":"<!-- VideographyWP Plugin Message: Automatic video embedding prevented by plugin options. -->\n\n<p><strong>Dos de los tres hombres que eran buscado por el ataque a Mat\u00edas Mont\u00edn en un boliche de Playa Grande fueron detenidos la tarde de este martes en cercan\u00edas del peaje de Z\u00e1rate. La acusaci\u00f3n la realiz\u00f3 el padre de la v\u00edctima, luego de ser avisado por uno de los amigos.<\/strong><\/p>\n\n\n\n<p>Al parecer los j\u00f3venes viajaban en un auto con direcci\u00f3n hacia Rosario, de donde se presume que son oriundos, de acuerdo a lo que trascendi\u00f3 hasta ahora.<\/p>\n\n\n\n<p>Todo indica que el grupo, integrado por tres j\u00f3venes y una mujer, hab\u00edan llegado a la ciudad balnearia para pasar sus vacaciones, pero luego de lo acontecido esta madrugada en el boliche Anan\u00e1, ubicado en el complejo La Normandina de Playa Grande, a media ma\u00f1ana y en virtud de la repercusi\u00f3n que tuvo el caso habr\u00edan decidido volverse inmediatamente.<\/p>\n\n\n\n<p>Los apresados por la feroz golpiza a Mat\u00edas Mont\u00edn, de 20 a\u00f1os, est\u00e1n en la fiscal\u00eda de Z\u00e1rate y se espera que en las\u00a0<strong>pr\u00f3ximas horas<\/strong>\u00a0los trasladen a Mar del Plata seg\u00fan le revelaron fuentes del caso.<\/p>\n\n\n\n<p>\u201cEntre los ocupantes que estaban en el veh\u00edculo est\u00e1 el autor del ataque\u201d, confi\u00f3 una fuente consultada.<\/p>\n\n\n\n<p>Los dos j\u00f3venes circulaban en un BMW M2 blanco y no pesaba sobre ellos una orden de detenci\u00f3n. Sin embargo, los polic\u00edas los identificaron y les notificaron de la formaci\u00f3n de una causa por lesiones que investiga el fiscal Paulo Cubas, de Mar del Plata.<\/p>\n\n\n\n<p>La discusi\u00f3n continu\u00f3 en la zona VIP del boliche, en donde tras la disputa a golpes de pu\u00f1o se arrojaron vasos y botellas de champagne.<\/p>\n\n\n\n<p>Por razones que se intentan establecer, Mont\u00edn \u201crecibi\u00f3 al menos un golpe en la cabeza que le produjo una contusi\u00f3n\u201d, y tras ser asistido por una enfermera del lugar \u201cfue derivado en una ambulancia\u201d al Hospital Privado de Comunidad (HPC).<\/p>\n\n\n\n<p>Por estas horas, Mont\u00edn permanece internado en terapia intermedia en el Hospital Privado de Comunidad (HPC), lugar al que fue trasladado tras sufrir una conmoci\u00f3n cerebral por el golpe recibido. El joven tiene un co\u00e1gulo entre el cerebro y el cr\u00e1neo y \u201clos m\u00e9dicos esperar\u00e1n 72 horas para ver c\u00f3mo evoluciona el hematoma\u201d.<\/p>\n\n\n\n<p>Fuente: <a href=\"https:\/\/impactolocal.com.ar\/2021\/01\/19\/detuvieron-en-zarate-a-dos-sujetos-acusados-de-atacar-a-botellazos-y-en-patota-a-un-joven-en-un-boliche-de-mar-del-plata\/\">Impacto Local<\/a><\/p>\n","protected":false},"excerpt":{"rendered":"<p>Dos de los tres hombres que eran buscado por el ataque a Mat\u00edas Mont\u00edn en un boliche de Playa Grande fueron detenidos la tarde de este martes en cercan\u00edas del peaje de Z\u00e1rate. La acusaci\u00f3n la realiz\u00f3 el padre de la v\u00edctima, luego de ser avisado por uno de los amigos. Al parecer los j\u00f3venes [&hellip;]<\/p>\n","protected":false},"author":4,"featured_media":86235,"comment_status":"open","ping_status":"closed","sticky":false,"template":"","format":"standard","meta":{"om_disable_all_campaigns":false,"_jetpack_memberships_contains_paid_content":false,"footnotes":""},"categories":[621],"tags":[],"class_list":["post-86234","post","type-post","status-publish","format-standard","has-post-thumbnail","hentry","category-regionales"],"aioseo_notices":[],"gutentor_comment":0,"jetpack_featured_media_url":"https:\/\/eldiariodesanpedro.com.ar\/sitio\/wp-content\/uploads\/2021\/01\/detencion-agresores.jpg","jetpack_shortlink":"https:\/\/wp.me\/p6RhLt-mqS","jetpack_sharing_enabled":true,"_links":{"self":[{"href":"https:\/\/eldiariodesanpedro.com.ar\/sitio\/wp-json\/wp\/v2\/posts\/86234","targetHints":{"allow":["GET"]}}],"collection":[{"href":"https:\/\/eldiariodesanpedro.com.ar\/sitio\/wp-json\/wp\/v2\/posts"}],"about":[{"href":"https:\/\/eldiariodesanpedro.com.ar\/sitio\/wp-json\/wp\/v2\/types\/post"}],"author":[{"embeddable":true,"href":"https:\/\/eldiariodesanpedro.com.ar\/sitio\/wp-json\/wp\/v2\/users\/4"}],"replies":[{"embeddable":true,"href":"https:\/\/eldiariodesanpedro.com.ar\/sitio\/wp-json\/wp\/v2\/comments?post=86234"}],"version-history":[{"count":1,"href":"https:\/\/eldiariodesanpedro.com.ar\/sitio\/wp-json\/wp\/v2\/posts\/86234\/revisions"}],"predecessor-version":[{"id":86236,"href":"https:\/\/eldiariodesanpedro.com.ar\/sitio\/wp-json\/wp\/v2\/posts\/86234\/revisions\/86236"}],"wp:featuredmedia":[{"embeddable":true,"href":"https:\/\/eldiariodesanpedro.com.ar\/sitio\/wp-json\/wp\/v2\/media\/86235"}],"wp:attachment":[{"href":"https:\/\/eldiariodesanpedro.com.ar\/sitio\/wp-json\/wp\/v2\/media?parent=86234"}],"wp:term":[{"taxonomy":"category","embeddable":true,"href":"https:\/\/eldiariodesanpedro.com.ar\/sitio\/wp-json\/wp\/v2\/categories?post=86234"},{"taxonomy":"post_tag","embeddable":true,"href":"https:\/\/eldiariodesanpedro.com.ar\/sitio\/wp-json\/wp\/v2\/tags?post=86234"}],"curies":[{"name":"wp","href":"https:\/\/api.w.org\/{rel}","templated":true}]}}