{"id":86229,"date":"2021-01-19T18:40:06","date_gmt":"2021-01-19T21:40:06","guid":{"rendered":"https:\/\/eldiariodesanpedro.com.ar\/sitio\/?p=86229"},"modified":"2021-01-19T18:40:10","modified_gmt":"2021-01-19T21:40:10","slug":"san-pedro-presentara-proyectos-ante-el-enacom-para-extender-la-llegada-de-fibra-optica-a-barrios-populares-y-dependencias-publicas","status":"publish","type":"post","link":"https:\/\/eldiariodesanpedro.com.ar\/sitio\/san-pedro-presentara-proyectos-ante-el-enacom-para-extender-la-llegada-de-fibra-optica-a-barrios-populares-y-dependencias-publicas\/","title":{"rendered":"San Pedro presentar\u00e1 proyectos ante el ENACOM para extender la llegada de fibra \u00f3ptica a barrios populares y dependencias p\u00fablicas"},"content":{"rendered":"<!-- VideographyWP Plugin Message: Automatic video embedding prevented by plugin options. -->\n\n<p>El Director de Modernizaci\u00f3n de la Municipalidad de San Pedro, fue recibido este martes en el ENACOM (Ente Nacional de Comunicaciones), para la elaboraci\u00f3n y presentaci\u00f3n de nuestro municipio en programas lanzados por el organismo.<\/p>\n\n\n\n<p>Las gestiones realizadas a trav\u00e9s del presidente del espacio pol\u00edtico \u00abFORJA San Pedro\u00bb Dar\u00edo Barrios, y el Intendente Cecilio Salazar, posibilitaron este encuentro que tuvo lugar este martes en la sede del organismo en el centro de la Ciudad Aut\u00f3noma de Buenos Aires.<\/p>\n\n\n\n<p>El ENACOM est\u00e1 implementando nuevos programas con el objetivo de reducir la brecha digital, extendiendo redes de fibra \u00f3ptica para que el Servicio Universal de Internet sea prestado en condiciones de calidad y a un precio justo y razonable, independientemente de las zonas.<\/p>\n\n\n\n<p>Hern\u00e1n Contreras se reuni\u00f3 con Daniel Siciliano, secretario y asesor del presidente del organismo Gustavo L\u00f3pez, quien viene manteniendo encuentros con funcionarios del interior del pa\u00eds, brindando los detalles correspondientes de los programas vigentes.<\/p>\n\n\n\n<p>Desde la Municipalidad de San Pedro y especialmente desde el \u00e1rea que conduce Contreras se han implementado ya m\u00faltiples iniciativas en los \u00faltimos a\u00f1os, orientadas a la modernizaci\u00f3n y agilizaci\u00f3n de procesos, tr\u00e1mites y comunicaciones, adem\u00e1s de instalar puntos de wifi libre en espacios y edificios p\u00fablicos.<\/p>\n\n\n\n<p>Desde el \u00e1rea mencionada y con el equipo que la integra, se elaborar\u00e1n los proyectos correspondientes con la mayor celeridad posible para poder aplicar en el Programa de Conectividad para barrios que integran el Registro Nacional de Barrios Populares (RENABAP), y posteriormente el otorgamiento de subsidios para el desarrollo de infraestructura que permita la disponibilidad de servicios en esos lugares, con costos bajos.<\/p>\n\n\n\n<p>Con una modalidad similar, el ENACOM cuenta adem\u00e1s con el \u00abPrograma de Acceso a Conectividad para Instituciones P\u00fablicas\u00bb para presentar obras de extensi\u00f3n de la red que posibiliten la llegada a Centros de Salud, Escuelas y dependencias de fuerzas de seguridad para las cu\u00e1les la disponibilidad de mayores anchos de banda ser\u00eda una importante mejora.<\/p>\n","protected":false},"excerpt":{"rendered":"<p>El Director de Modernizaci\u00f3n de la Municipalidad de San Pedro, fue recibido este martes en el ENACOM (Ente Nacional de Comunicaciones), para la elaboraci\u00f3n y presentaci\u00f3n de nuestro municipio en programas lanzados por el organismo. Las gestiones realizadas a trav\u00e9s del presidente del espacio pol\u00edtico \u00abFORJA San Pedro\u00bb Dar\u00edo Barrios, y el Intendente Cecilio Salazar, [&hellip;]<\/p>\n","protected":false},"author":4,"featured_media":86230,"comment_status":"open","ping_status":"closed","sticky":false,"template":"","format":"standard","meta":{"om_disable_all_campaigns":false,"_jetpack_memberships_contains_paid_content":false,"footnotes":""},"categories":[101,2],"tags":[],"class_list":["post-86229","post","type-post","status-publish","format-standard","has-post-thumbnail","hentry","category-interes-general-locales","category-locales"],"aioseo_notices":[],"gutentor_comment":0,"jetpack_featured_media_url":"https:\/\/eldiariodesanpedro.com.ar\/sitio\/wp-content\/uploads\/2021\/01\/WhatsApp-Image-2021-01-19-at-17.19.25.jpeg","jetpack_shortlink":"https:\/\/wp.me\/p6RhLt-mqN","jetpack_sharing_enabled":true,"_links":{"self":[{"href":"https:\/\/eldiariodesanpedro.com.ar\/sitio\/wp-json\/wp\/v2\/posts\/86229","targetHints":{"allow":["GET"]}}],"collection":[{"href":"https:\/\/eldiariodesanpedro.com.ar\/sitio\/wp-json\/wp\/v2\/posts"}],"about":[{"href":"https:\/\/eldiariodesanpedro.com.ar\/sitio\/wp-json\/wp\/v2\/types\/post"}],"author":[{"embeddable":true,"href":"https:\/\/eldiariodesanpedro.com.ar\/sitio\/wp-json\/wp\/v2\/users\/4"}],"replies":[{"embeddable":true,"href":"https:\/\/eldiariodesanpedro.com.ar\/sitio\/wp-json\/wp\/v2\/comments?post=86229"}],"version-history":[{"count":1,"href":"https:\/\/eldiariodesanpedro.com.ar\/sitio\/wp-json\/wp\/v2\/posts\/86229\/revisions"}],"predecessor-version":[{"id":86231,"href":"https:\/\/eldiariodesanpedro.com.ar\/sitio\/wp-json\/wp\/v2\/posts\/86229\/revisions\/86231"}],"wp:featuredmedia":[{"embeddable":true,"href":"https:\/\/eldiariodesanpedro.com.ar\/sitio\/wp-json\/wp\/v2\/media\/86230"}],"wp:attachment":[{"href":"https:\/\/eldiariodesanpedro.com.ar\/sitio\/wp-json\/wp\/v2\/media?parent=86229"}],"wp:term":[{"taxonomy":"category","embeddable":true,"href":"https:\/\/eldiariodesanpedro.com.ar\/sitio\/wp-json\/wp\/v2\/categories?post=86229"},{"taxonomy":"post_tag","embeddable":true,"href":"https:\/\/eldiariodesanpedro.com.ar\/sitio\/wp-json\/wp\/v2\/tags?post=86229"}],"curies":[{"name":"wp","href":"https:\/\/api.w.org\/{rel}","templated":true}]}}