{"id":86220,"date":"2021-01-19T18:08:51","date_gmt":"2021-01-19T21:08:51","guid":{"rendered":"https:\/\/eldiariodesanpedro.com.ar\/sitio\/?p=86220"},"modified":"2021-01-19T18:08:56","modified_gmt":"2021-01-19T21:08:56","slug":"caen-los-casos-de-coronavirus-en-la-provincia-de-buenos-aires-luego-de-4-semanas-de-aumento","status":"publish","type":"post","link":"https:\/\/eldiariodesanpedro.com.ar\/sitio\/caen-los-casos-de-coronavirus-en-la-provincia-de-buenos-aires-luego-de-4-semanas-de-aumento\/","title":{"rendered":"Caen los casos de coronavirus en la provincia de Buenos Aires, luego de 4 semanas de aumento"},"content":{"rendered":"<!-- VideographyWP Plugin Message: Automatic video embedding prevented by plugin options. -->\n\n<p>Los casos de coronavirus en la provincia de Buenos Aires ascendieron a 751.458 tras confirmarse 2.598 nuevos contagios en las \u00faltimas 24 horas, inform\u00f3 este lunes el Ministerio de Salud provincial, al tiempo que el jefe de Gabinete, Carlos Bianco, asegur\u00f3 que tras cuatro semanas de aumento, cay\u00f3 el n\u00famero de casos.<\/p>\n\n\n\n<p>Seg\u00fan la cartera a cargo de Daniel Gollan, se vacunaron ya 82.358 personas, en tanto que 645.333 personas ya se recuperaron y recibieron el alta.<\/p>\n\n\n\n<p>En el territorio bonaerense fallecieron 23.231 personas desde el inicio de la pandemia en el pa\u00eds, en marzo de 2020.<\/p>\n\n\n\n<p>Del total de contagiados, el 49,6% son hombres; 48,9%, mujeres, y hay 1,5% \u201csin datos\u201d.<\/p>\n\n\n\n<p>Sobre la totalidad de los casos, el 73,6% corresponde a contagios comunitarios, 13,4% fue por contacto estrecho con casos confirmados, en el 7,8% la causa est\u00e1 en investigaci\u00f3n, 4,4% son trabajadores de salud y el resto de casos son importados, indic\u00f3 el informe oficial.<\/p>\n\n\n\n<p>El nivel de ocupaci\u00f3n de camas de terapia intensiva de adultos en el sector bonaerense del \u00c1rea Metropolitana de Buenos Aires (AMBA) es actualmente del 59%, precis\u00f3 el parte.<\/p>\n\n\n\n<p>El jefe de Gabinete de la provincia de Buenos Aires, Carlos Bianco, inform\u00f3 que luego de cuatro semanas de aumento, volvieron a caer los casos de Covid-19 en territorio bonaerense, de acuerdo a los datos evaluados al cierre de la semana.<\/p>\n\n\n\n<p>\u201cEl cierre de la semana muestra que, luego de 4 semanas de aumento, volvieron a caer los casos en nuestra provincia\u201d, escribi\u00f3 anoche en su cuenta de Twitter el funcionario.<\/p>\n\n\n\n<p>En esa l\u00ednea, asegur\u00f3 que \u201clas medidas implementadas comenzaron a mostrar buenos resultados\u201d y pidi\u00f3 continuar con las medidas sanitarias y de cuidados.<\/p>\n\n\n\n<p>\u201cNos tenemos que seguir cuidando, mientras avanzamos con el plan de vacunaci\u00f3n\u201d, agreg\u00f3.<\/p>\n","protected":false},"excerpt":{"rendered":"<p>Los casos de coronavirus en la provincia de Buenos Aires ascendieron a 751.458 tras confirmarse 2.598 nuevos contagios en las \u00faltimas 24 horas, inform\u00f3 este lunes el Ministerio de Salud provincial, al tiempo que el jefe de Gabinete, Carlos Bianco, asegur\u00f3 que tras cuatro semanas de aumento, cay\u00f3 el n\u00famero de casos. Seg\u00fan la cartera [&hellip;]<\/p>\n","protected":false},"author":4,"featured_media":86221,"comment_status":"open","ping_status":"closed","sticky":false,"template":"","format":"standard","meta":{"om_disable_all_campaigns":false,"_jetpack_memberships_contains_paid_content":false,"footnotes":""},"categories":[621],"tags":[],"class_list":["post-86220","post","type-post","status-publish","format-standard","has-post-thumbnail","hentry","category-regionales"],"aioseo_notices":[],"gutentor_comment":0,"jetpack_featured_media_url":"https:\/\/eldiariodesanpedro.com.ar\/sitio\/wp-content\/uploads\/2021\/01\/1610923715706.jpg","jetpack_shortlink":"https:\/\/wp.me\/p6RhLt-mqE","jetpack_sharing_enabled":true,"_links":{"self":[{"href":"https:\/\/eldiariodesanpedro.com.ar\/sitio\/wp-json\/wp\/v2\/posts\/86220","targetHints":{"allow":["GET"]}}],"collection":[{"href":"https:\/\/eldiariodesanpedro.com.ar\/sitio\/wp-json\/wp\/v2\/posts"}],"about":[{"href":"https:\/\/eldiariodesanpedro.com.ar\/sitio\/wp-json\/wp\/v2\/types\/post"}],"author":[{"embeddable":true,"href":"https:\/\/eldiariodesanpedro.com.ar\/sitio\/wp-json\/wp\/v2\/users\/4"}],"replies":[{"embeddable":true,"href":"https:\/\/eldiariodesanpedro.com.ar\/sitio\/wp-json\/wp\/v2\/comments?post=86220"}],"version-history":[{"count":1,"href":"https:\/\/eldiariodesanpedro.com.ar\/sitio\/wp-json\/wp\/v2\/posts\/86220\/revisions"}],"predecessor-version":[{"id":86222,"href":"https:\/\/eldiariodesanpedro.com.ar\/sitio\/wp-json\/wp\/v2\/posts\/86220\/revisions\/86222"}],"wp:featuredmedia":[{"embeddable":true,"href":"https:\/\/eldiariodesanpedro.com.ar\/sitio\/wp-json\/wp\/v2\/media\/86221"}],"wp:attachment":[{"href":"https:\/\/eldiariodesanpedro.com.ar\/sitio\/wp-json\/wp\/v2\/media?parent=86220"}],"wp:term":[{"taxonomy":"category","embeddable":true,"href":"https:\/\/eldiariodesanpedro.com.ar\/sitio\/wp-json\/wp\/v2\/categories?post=86220"},{"taxonomy":"post_tag","embeddable":true,"href":"https:\/\/eldiariodesanpedro.com.ar\/sitio\/wp-json\/wp\/v2\/tags?post=86220"}],"curies":[{"name":"wp","href":"https:\/\/api.w.org\/{rel}","templated":true}]}}