{"id":86213,"date":"2021-01-19T12:46:14","date_gmt":"2021-01-19T15:46:14","guid":{"rendered":"https:\/\/eldiariodesanpedro.com.ar\/sitio\/?p=86213"},"modified":"2021-01-19T12:46:18","modified_gmt":"2021-01-19T15:46:18","slug":"panaderos-advierten-que-el-precio-del-pan-aumentara-entre-5-y-15-esta-semana","status":"publish","type":"post","link":"https:\/\/eldiariodesanpedro.com.ar\/sitio\/panaderos-advierten-que-el-precio-del-pan-aumentara-entre-5-y-15-esta-semana\/","title":{"rendered":"Panaderos advierten que el precio del pan aumentar\u00e1 entre 5% y 15% esta semana"},"content":{"rendered":"<!-- VideographyWP Plugin Message: Automatic video embedding prevented by plugin options. -->\n\n<p>La Federaci\u00f3n Argentina de la Industria del Pan y Afines (Faipa) advirti\u00f3 que el sector atraviesa una \u201csituaci\u00f3n grave\u201d por el incremento de costos de producci\u00f3n, por lo que los precios de sus productos subir\u00e1n entre 5% y 15% esta semana.<\/p>\n\n\n\n<p>A trav\u00e9s de un comunicado, la entidad se\u00f1al\u00f3 que hay \u201cun aumento indiscriminado en los precios de los insumos\u201d que obligan a las panader\u00edas a incrementar los precios de sus productos para poder seguir comercializando.<\/p>\n\n\n\n<p>La Federaci\u00f3n advirti\u00f3 que en estos \u00faltimos d\u00edas, \u201caumentaron sistem\u00e1ticamente distintos insumos que hacen a la material prima para la elaboraci\u00f3n de productos\u201d que fabrican y venden las panader\u00edas en todo el pa\u00eds.<\/p>\n\n\n\n<p>Seg\u00fan la Faipa, subieron fuerte los precios de las harinas, margarinas y grasas y \u201cparece que no hay techo\u201d para los valores de esos insumos.<br>\u201cSolicitamos a las autoridades de aplicaci\u00f3n a los fines de que se controlen y regulen a quienes est\u00e1n formando precios y perjudicando al sector que representamos y por ende tambi\u00e9n al consumidor\u201d, dijo la Faipa en su comunicado.<\/p>\n\n\n\n<p>Y advirti\u00f3 que \u201clos aumentos no tienen raz\u00f3n de ser\u201d por lo que de seguir con esta escalada, \u201cirremediablemente deberemos trasladarlos a los precios del pan y derivados, que no es nuestra intenci\u00f3n ya que ello impactar\u00e1 sobre nuestras recortadas ventas por estos \u00faltimos tiempos\u201d.<\/p>\n\n\n\n<p>Miguel Di Betta, presidente de la federaci\u00f3n, remarc\u00f3 en declaraciones a la prensa que desde esta semana el precios del pan deber\u00e1 subir entre 5% y 15%, dependiendo de la panader\u00eda y los productos que elabora.<\/p>\n\n\n\n<p>Seg\u00fan el Instituto de Estad\u00edstica y Censos (Indec) el precio del kilo de pan franc\u00e9s tipo flauta aument\u00f3 un 29,75% en los \u00faltimos doce meses, al pasar de 108,02.<\/p>\n","protected":false},"excerpt":{"rendered":"<p>La Federaci\u00f3n Argentina de la Industria del Pan y Afines (Faipa) advirti\u00f3 que el sector atraviesa una \u201csituaci\u00f3n grave\u201d por el incremento de costos de producci\u00f3n, por lo que los precios de sus productos subir\u00e1n entre 5% y 15% esta semana. A trav\u00e9s de un comunicado, la entidad se\u00f1al\u00f3 que hay \u201cun aumento indiscriminado en [&hellip;]<\/p>\n","protected":false},"author":4,"featured_media":86215,"comment_status":"open","ping_status":"closed","sticky":false,"template":"","format":"standard","meta":{"om_disable_all_campaigns":false,"_jetpack_memberships_contains_paid_content":false,"footnotes":""},"categories":[621],"tags":[],"class_list":["post-86213","post","type-post","status-publish","format-standard","has-post-thumbnail","hentry","category-regionales"],"aioseo_notices":[],"gutentor_comment":0,"jetpack_featured_media_url":"https:\/\/eldiariodesanpedro.com.ar\/sitio\/wp-content\/uploads\/2021\/01\/noti_216fcfa7fedb5790de589bbf88e3b4d6.jpg","jetpack_shortlink":"https:\/\/wp.me\/p6RhLt-mqx","jetpack_sharing_enabled":true,"_links":{"self":[{"href":"https:\/\/eldiariodesanpedro.com.ar\/sitio\/wp-json\/wp\/v2\/posts\/86213","targetHints":{"allow":["GET"]}}],"collection":[{"href":"https:\/\/eldiariodesanpedro.com.ar\/sitio\/wp-json\/wp\/v2\/posts"}],"about":[{"href":"https:\/\/eldiariodesanpedro.com.ar\/sitio\/wp-json\/wp\/v2\/types\/post"}],"author":[{"embeddable":true,"href":"https:\/\/eldiariodesanpedro.com.ar\/sitio\/wp-json\/wp\/v2\/users\/4"}],"replies":[{"embeddable":true,"href":"https:\/\/eldiariodesanpedro.com.ar\/sitio\/wp-json\/wp\/v2\/comments?post=86213"}],"version-history":[{"count":1,"href":"https:\/\/eldiariodesanpedro.com.ar\/sitio\/wp-json\/wp\/v2\/posts\/86213\/revisions"}],"predecessor-version":[{"id":86216,"href":"https:\/\/eldiariodesanpedro.com.ar\/sitio\/wp-json\/wp\/v2\/posts\/86213\/revisions\/86216"}],"wp:featuredmedia":[{"embeddable":true,"href":"https:\/\/eldiariodesanpedro.com.ar\/sitio\/wp-json\/wp\/v2\/media\/86215"}],"wp:attachment":[{"href":"https:\/\/eldiariodesanpedro.com.ar\/sitio\/wp-json\/wp\/v2\/media?parent=86213"}],"wp:term":[{"taxonomy":"category","embeddable":true,"href":"https:\/\/eldiariodesanpedro.com.ar\/sitio\/wp-json\/wp\/v2\/categories?post=86213"},{"taxonomy":"post_tag","embeddable":true,"href":"https:\/\/eldiariodesanpedro.com.ar\/sitio\/wp-json\/wp\/v2\/tags?post=86213"}],"curies":[{"name":"wp","href":"https:\/\/api.w.org\/{rel}","templated":true}]}}