{"id":86210,"date":"2021-01-19T12:41:48","date_gmt":"2021-01-19T15:41:48","guid":{"rendered":"https:\/\/eldiariodesanpedro.com.ar\/sitio\/?p=86210"},"modified":"2021-01-19T12:41:49","modified_gmt":"2021-01-19T15:41:49","slug":"zarate-el-sismo-de-san-juan-se-sintio-en-zarate","status":"publish","type":"post","link":"https:\/\/eldiariodesanpedro.com.ar\/sitio\/zarate-el-sismo-de-san-juan-se-sintio-en-zarate\/","title":{"rendered":"Z\u00c1RATE | El sismo de San Juan se sinti\u00f3 en Z\u00e1rate"},"content":{"rendered":"<!-- VideographyWP Plugin Message: Automatic video embedding prevented by plugin options. -->\n\n<p>Vecinos de edificios en Z\u00e1rate reportaron que sintieron un fuerte temblor en sus viviendas. Ante esta situaci\u00f3n algunos decidieron evacuar sus hogares.<\/p>\n\n\n\n<p>Esta noche se produjo un sismo San Juan que se sinti\u00f3 en gran parte del pa\u00eds El epicentro fue en la localidad de Villa Media Agua. La magnitud fue 6.8 y la profundidad de 10 km, seg\u00fan inform\u00f3 el Instituto Nacional de Prevenci\u00f3n S\u00edsmica. Dur\u00f3 m\u00e1s de un minuto.<\/p>\n\n\n\n<p>Fuente: <a href=\"https:\/\/impactolocal.com.ar\/2021\/01\/19\/el-sismo-de-san-juan-se-sintio-en-zarate\/\">Impacto Local<\/a><\/p>\n","protected":false},"excerpt":{"rendered":"<p>Vecinos de edificios en Z\u00e1rate reportaron que sintieron un fuerte temblor en sus viviendas. Ante esta situaci\u00f3n algunos decidieron evacuar sus hogares. Esta noche se produjo un sismo San Juan que se sinti\u00f3 en gran parte del pa\u00eds El epicentro fue en la localidad de Villa Media Agua. La magnitud fue 6.8 y la profundidad [&hellip;]<\/p>\n","protected":false},"author":4,"featured_media":86211,"comment_status":"open","ping_status":"closed","sticky":false,"template":"","format":"standard","meta":{"om_disable_all_campaigns":false,"_jetpack_memberships_contains_paid_content":false,"footnotes":""},"categories":[621],"tags":[],"class_list":["post-86210","post","type-post","status-publish","format-standard","has-post-thumbnail","hentry","category-regionales"],"aioseo_notices":[],"gutentor_comment":0,"jetpack_featured_media_url":"https:\/\/eldiariodesanpedro.com.ar\/sitio\/wp-content\/uploads\/2021\/01\/71e3f03b-e98d-438b-a49d-884e29c827b0.jpg","jetpack_shortlink":"https:\/\/wp.me\/p6RhLt-mqu","jetpack_sharing_enabled":true,"_links":{"self":[{"href":"https:\/\/eldiariodesanpedro.com.ar\/sitio\/wp-json\/wp\/v2\/posts\/86210","targetHints":{"allow":["GET"]}}],"collection":[{"href":"https:\/\/eldiariodesanpedro.com.ar\/sitio\/wp-json\/wp\/v2\/posts"}],"about":[{"href":"https:\/\/eldiariodesanpedro.com.ar\/sitio\/wp-json\/wp\/v2\/types\/post"}],"author":[{"embeddable":true,"href":"https:\/\/eldiariodesanpedro.com.ar\/sitio\/wp-json\/wp\/v2\/users\/4"}],"replies":[{"embeddable":true,"href":"https:\/\/eldiariodesanpedro.com.ar\/sitio\/wp-json\/wp\/v2\/comments?post=86210"}],"version-history":[{"count":1,"href":"https:\/\/eldiariodesanpedro.com.ar\/sitio\/wp-json\/wp\/v2\/posts\/86210\/revisions"}],"predecessor-version":[{"id":86212,"href":"https:\/\/eldiariodesanpedro.com.ar\/sitio\/wp-json\/wp\/v2\/posts\/86210\/revisions\/86212"}],"wp:featuredmedia":[{"embeddable":true,"href":"https:\/\/eldiariodesanpedro.com.ar\/sitio\/wp-json\/wp\/v2\/media\/86211"}],"wp:attachment":[{"href":"https:\/\/eldiariodesanpedro.com.ar\/sitio\/wp-json\/wp\/v2\/media?parent=86210"}],"wp:term":[{"taxonomy":"category","embeddable":true,"href":"https:\/\/eldiariodesanpedro.com.ar\/sitio\/wp-json\/wp\/v2\/categories?post=86210"},{"taxonomy":"post_tag","embeddable":true,"href":"https:\/\/eldiariodesanpedro.com.ar\/sitio\/wp-json\/wp\/v2\/tags?post=86210"}],"curies":[{"name":"wp","href":"https:\/\/api.w.org\/{rel}","templated":true}]}}