{"id":8621,"date":"2016-10-04T20:52:25","date_gmt":"2016-10-04T23:52:25","guid":{"rendered":"https:\/\/eldiariodesanpedro.com.ar\/sitio\/?p=8621"},"modified":"2016-10-04T20:52:25","modified_gmt":"2016-10-04T23:52:25","slug":"ataron-y-agredieron-a-una-anciana-en-su-casa","status":"publish","type":"post","link":"https:\/\/eldiariodesanpedro.com.ar\/sitio\/ataron-y-agredieron-a-una-anciana-en-su-casa\/","title":{"rendered":"Ataron y agredieron a una anciana en su casa"},"content":{"rendered":"<p><!-- VideographyWP Plugin Message: Automatic video embedding prevented by plugin options. --><br \/>\nLa polic\u00eda intenta esclarecer lo sucedido en un domicilio de la ciudad, donde fue hallada la v\u00edctima por su hijo. En principio, se pudo establecer que se encontraba atada de manos y que hab\u00eda sido golpeada. Fue derivada por la ambulancia del nosocomio local al centro asistencial, donde permanece internada debido al cuadro que presenta y en estado de shock.<br \/>\nUFI N\u00ba 5 caratul\u00f3 la causa como \u201cAveriguaci\u00f3n de il\u00edcito\u201d para poder establecer lo ocurrido y dio participaci\u00f3n a la divisi\u00f3n de investigaci\u00f3n, la DDI San Pedro-Baradero.<\/p>\n","protected":false},"excerpt":{"rendered":"<p>La polic\u00eda intenta esclarecer lo sucedido en un domicilio de la ciudad, donde fue hallada la v\u00edctima por su hijo. En principio, se pudo establecer que se encontraba atada de manos y que hab\u00eda sido golpeada. Fue derivada por la ambulancia del nosocomio local al centro asistencial, donde permanece internada debido al cuadro que presenta [&hellip;]<\/p>\n","protected":false},"author":4,"featured_media":8622,"comment_status":"open","ping_status":"closed","sticky":false,"template":"","format":"standard","meta":{"om_disable_all_campaigns":false,"_jetpack_memberships_contains_paid_content":false,"footnotes":""},"categories":[2,103],"tags":[],"class_list":["post-8621","post","type-post","status-publish","format-standard","has-post-thumbnail","hentry","category-locales","category-policiales-locales"],"aioseo_notices":[],"gutentor_comment":0,"jetpack_featured_media_url":"https:\/\/eldiariodesanpedro.com.ar\/sitio\/wp-content\/uploads\/2016\/10\/FOTO-TAPA.jpg","jetpack_shortlink":"https:\/\/wp.me\/p6RhLt-2f3","jetpack_sharing_enabled":true,"_links":{"self":[{"href":"https:\/\/eldiariodesanpedro.com.ar\/sitio\/wp-json\/wp\/v2\/posts\/8621","targetHints":{"allow":["GET"]}}],"collection":[{"href":"https:\/\/eldiariodesanpedro.com.ar\/sitio\/wp-json\/wp\/v2\/posts"}],"about":[{"href":"https:\/\/eldiariodesanpedro.com.ar\/sitio\/wp-json\/wp\/v2\/types\/post"}],"author":[{"embeddable":true,"href":"https:\/\/eldiariodesanpedro.com.ar\/sitio\/wp-json\/wp\/v2\/users\/4"}],"replies":[{"embeddable":true,"href":"https:\/\/eldiariodesanpedro.com.ar\/sitio\/wp-json\/wp\/v2\/comments?post=8621"}],"version-history":[{"count":1,"href":"https:\/\/eldiariodesanpedro.com.ar\/sitio\/wp-json\/wp\/v2\/posts\/8621\/revisions"}],"predecessor-version":[{"id":8623,"href":"https:\/\/eldiariodesanpedro.com.ar\/sitio\/wp-json\/wp\/v2\/posts\/8621\/revisions\/8623"}],"wp:featuredmedia":[{"embeddable":true,"href":"https:\/\/eldiariodesanpedro.com.ar\/sitio\/wp-json\/wp\/v2\/media\/8622"}],"wp:attachment":[{"href":"https:\/\/eldiariodesanpedro.com.ar\/sitio\/wp-json\/wp\/v2\/media?parent=8621"}],"wp:term":[{"taxonomy":"category","embeddable":true,"href":"https:\/\/eldiariodesanpedro.com.ar\/sitio\/wp-json\/wp\/v2\/categories?post=8621"},{"taxonomy":"post_tag","embeddable":true,"href":"https:\/\/eldiariodesanpedro.com.ar\/sitio\/wp-json\/wp\/v2\/tags?post=8621"}],"curies":[{"name":"wp","href":"https:\/\/api.w.org\/{rel}","templated":true}]}}