{"id":86207,"date":"2021-01-19T12:39:31","date_gmt":"2021-01-19T15:39:31","guid":{"rendered":"https:\/\/eldiariodesanpedro.com.ar\/sitio\/?p=86207"},"modified":"2021-01-19T12:39:36","modified_gmt":"2021-01-19T15:39:36","slug":"san-nicolas-corte-de-transportistas-en-ruta-9-y-puente-damaso-valdes-por-tiempo-indeterminado","status":"publish","type":"post","link":"https:\/\/eldiariodesanpedro.com.ar\/sitio\/san-nicolas-corte-de-transportistas-en-ruta-9-y-puente-damaso-valdes-por-tiempo-indeterminado\/","title":{"rendered":"SAN NICOL\u00c1S | Corte de transportistas en Ruta 9 y puente D\u00e1maso Vald\u00e9s por tiempo indeterminado"},"content":{"rendered":"<!-- VideographyWP Plugin Message: Automatic video embedding prevented by plugin options. -->\n\n<p>Alrededor de las 17.30 hs camioneros pertenecientes a TUDA, Transportes Unidos Argentinos, cortaron el carril descendente de la Ruta 9 Km 233 direcci\u00f3n Rosario- Buenos Aires; a la altura del puente D\u00e1maso Vald\u00e9s en San Nicol\u00e1s.<\/p>\n\n\n\n<p>Permiten el tr\u00e1nsito de autos particulares, demorando al transporte de carga. Lo hacen varios minutos y liberan tandas de 15 o 20 camiones.<\/p>\n\n\n\n<p>Mantienen presencia en la ruta personal de Gendarmer\u00eda Nacional, Polic\u00eda Vial y Polic\u00eda local.<\/p>\n\n\n\n<p>Son los mismos referentes que se manifestaron durante todo el d\u00eda en la entrada a Rosario, en la ruta Rosario- Santa Fe y en distintas rutas del pa\u00eds, generando un caos vehicular e importantes demoras. El corte de Rosario se levant\u00f3 y se trasladaron a San Nicol\u00e1s por tiempo indeterminado.<\/p>\n\n\n\n<p>Tambi\u00e9n fueron levantados los cortes que se manten\u00edan en las rutas Nacional 34 y la A012.<\/p>\n\n\n\n<p>Sin embargo, la medida que impide el paso de camiones por intervalos se manten\u00eda este lunes por la noche en el cruce de las rutas A012 y la ruta provincial 18, en la Autov\u00eda 19, a la altura del kil\u00f3metro 122; la Ruta Nacional 33 y la 7, en Rufino. La Ruta Nacional 33, en Chab\u00e1s; la ruta provincial 10, a la altura del kil\u00f3metro 19, y la Ruta Nacional 168.<\/p>\n\n\n\n<p>Seg\u00fan trascendi\u00f3, los titulares de camiones que reclaman aumentos tarifarios tanto en las cargas de granos, como de hacienda y general. Y la actualizaci\u00f3n de tarifas basada en los aumentos de costos, como ser el combustible que tuvo tres incrementos de precios en menos de un mes.<\/p>\n\n\n\n<p>Fuente: <a href=\"http:\/\/www.diarioelinformante.com.ar\/nota-60388_corte-de-transportistas-en-ruta-9-y-puente-dmaso-valds-por-tiempo-indeterminado#\">Diario El Informante<\/a><\/p>\n","protected":false},"excerpt":{"rendered":"<p>Alrededor de las 17.30 hs camioneros pertenecientes a TUDA, Transportes Unidos Argentinos, cortaron el carril descendente de la Ruta 9 Km 233 direcci\u00f3n Rosario- Buenos Aires; a la altura del puente D\u00e1maso Vald\u00e9s en San Nicol\u00e1s. Permiten el tr\u00e1nsito de autos particulares, demorando al transporte de carga. Lo hacen varios minutos y liberan tandas de [&hellip;]<\/p>\n","protected":false},"author":4,"featured_media":86208,"comment_status":"open","ping_status":"closed","sticky":false,"template":"","format":"standard","meta":{"om_disable_all_campaigns":false,"_jetpack_memberships_contains_paid_content":false,"footnotes":""},"categories":[621],"tags":[],"class_list":["post-86207","post","type-post","status-publish","format-standard","has-post-thumbnail","hentry","category-regionales"],"aioseo_notices":[],"gutentor_comment":0,"jetpack_featured_media_url":"https:\/\/eldiariodesanpedro.com.ar\/sitio\/wp-content\/uploads\/2021\/01\/conmarca29704.jpg","jetpack_shortlink":"https:\/\/wp.me\/p6RhLt-mqr","jetpack_sharing_enabled":true,"_links":{"self":[{"href":"https:\/\/eldiariodesanpedro.com.ar\/sitio\/wp-json\/wp\/v2\/posts\/86207","targetHints":{"allow":["GET"]}}],"collection":[{"href":"https:\/\/eldiariodesanpedro.com.ar\/sitio\/wp-json\/wp\/v2\/posts"}],"about":[{"href":"https:\/\/eldiariodesanpedro.com.ar\/sitio\/wp-json\/wp\/v2\/types\/post"}],"author":[{"embeddable":true,"href":"https:\/\/eldiariodesanpedro.com.ar\/sitio\/wp-json\/wp\/v2\/users\/4"}],"replies":[{"embeddable":true,"href":"https:\/\/eldiariodesanpedro.com.ar\/sitio\/wp-json\/wp\/v2\/comments?post=86207"}],"version-history":[{"count":1,"href":"https:\/\/eldiariodesanpedro.com.ar\/sitio\/wp-json\/wp\/v2\/posts\/86207\/revisions"}],"predecessor-version":[{"id":86209,"href":"https:\/\/eldiariodesanpedro.com.ar\/sitio\/wp-json\/wp\/v2\/posts\/86207\/revisions\/86209"}],"wp:featuredmedia":[{"embeddable":true,"href":"https:\/\/eldiariodesanpedro.com.ar\/sitio\/wp-json\/wp\/v2\/media\/86208"}],"wp:attachment":[{"href":"https:\/\/eldiariodesanpedro.com.ar\/sitio\/wp-json\/wp\/v2\/media?parent=86207"}],"wp:term":[{"taxonomy":"category","embeddable":true,"href":"https:\/\/eldiariodesanpedro.com.ar\/sitio\/wp-json\/wp\/v2\/categories?post=86207"},{"taxonomy":"post_tag","embeddable":true,"href":"https:\/\/eldiariodesanpedro.com.ar\/sitio\/wp-json\/wp\/v2\/tags?post=86207"}],"curies":[{"name":"wp","href":"https:\/\/api.w.org\/{rel}","templated":true}]}}