{"id":86204,"date":"2021-01-19T12:37:36","date_gmt":"2021-01-19T15:37:36","guid":{"rendered":"https:\/\/eldiariodesanpedro.com.ar\/sitio\/?p=86204"},"modified":"2021-01-19T12:37:40","modified_gmt":"2021-01-19T15:37:40","slug":"ramallo-fiestas-en-playa-blanca-los-titulares-del-lugar-deben-tener-mas-responsabilidad-a-la-hora-de-publicar-este-tipo-de-imagenes","status":"publish","type":"post","link":"https:\/\/eldiariodesanpedro.com.ar\/sitio\/ramallo-fiestas-en-playa-blanca-los-titulares-del-lugar-deben-tener-mas-responsabilidad-a-la-hora-de-publicar-este-tipo-de-imagenes\/","title":{"rendered":"RAMALLO | Fiestas en Playa Blanca: \u201cLos titulares del lugar deben tener m\u00e1s responsabilidad a la hora de publicar este tipo de im\u00e1genes\u201d"},"content":{"rendered":"<!-- VideographyWP Plugin Message: Automatic video embedding prevented by plugin options. -->\n\n<p>Este fin de semana corri\u00f3 el rumor de fiestas no autorizadas en la zona de paradores, en el Paseo Viva el Rio.<\/p>\n\n\n\n<p>En las redes sociales circularon fotos y videos de eventos nocturnos en el Parador de Playa Blanca, prohibidos por las disposiciones provinciales.<br>\u201cHay un control permanente en la zona, no solo municipal sino tambi\u00e9n por las fuerzas policiales, es cierto que hubo un parador en particular que estuvo publicando y difundiendo fotos y videos de una supuesta fiesta, pero que no ten\u00eda nada que ver con lo que estaba pasando en este fin de semana. Se trataban de fiestas anteriores, uno se daba cuenta por las dimensiones del evento. Desde el municipio realizamos recorridas y visitas durante el fin de semana, y se pudo observar que este s\u00e1bado hubo poco movimiento durante la tarde, debido a las inclemencias del tiempo, y cerca de la medianoches estaba totalmente cerrado\u201d, explic\u00f3 Silvio Gaeto, Secretario de Gobierno municipal.<\/p>\n\n\n\n<p>Ante este hecho, el funcionario pidi\u00f3 responsabilidad a los titulares de los<br>paradores, para evitar confusiones y enojos de parte de los vecinos y turistas. \u201cLos titulares del lugar deben tener m\u00e1s responsabilidad a la hora de publicar este tipo de mensajes e im\u00e1genes, que generan malestar en la comunidad, y en los comercios que est\u00e1n haciendo las cosas bien. Nosotros estamos controlando constantemente, no solo los horarios, sino tambi\u00e9n el nivel de los decibeles en cuanto a la m\u00fasica, evitando que se generan concentraciones de personas en el lugar, tratando de lograr que se cumplan con los objetivos por los cuales est\u00e1 habilitado ese parador en particular\u201d, remarc\u00f3.<\/p>\n\n\n\n<p>Fuente: <a href=\"https:\/\/www.ramalloinforma.com.ar\/municipales\/fiestas-en-playa-blanca-los-titulares-del-lugar-deben-tener-mas-responsabilidad-a-la-hora-de-publicar-este-tipo-de-imagenes\/?fbclid=IwAR0hYfiyVqRisrGBtxIvYGOrR14uxxntopiMc6WdlZmPdFjflhqWFL4qBTY\">Ramallo Informa<\/a><\/p>\n","protected":false},"excerpt":{"rendered":"<p>Este fin de semana corri\u00f3 el rumor de fiestas no autorizadas en la zona de paradores, en el Paseo Viva el Rio. En las redes sociales circularon fotos y videos de eventos nocturnos en el Parador de Playa Blanca, prohibidos por las disposiciones provinciales.\u201cHay un control permanente en la zona, no solo municipal sino tambi\u00e9n [&hellip;]<\/p>\n","protected":false},"author":4,"featured_media":86205,"comment_status":"open","ping_status":"closed","sticky":false,"template":"","format":"standard","meta":{"om_disable_all_campaigns":false,"_jetpack_memberships_contains_paid_content":false,"footnotes":""},"categories":[621],"tags":[],"class_list":["post-86204","post","type-post","status-publish","format-standard","has-post-thumbnail","hentry","category-regionales"],"aioseo_notices":[],"gutentor_comment":0,"jetpack_featured_media_url":"https:\/\/eldiariodesanpedro.com.ar\/sitio\/wp-content\/uploads\/2021\/01\/76692_turismo-y-eventos.jpg","jetpack_shortlink":"https:\/\/wp.me\/p6RhLt-mqo","jetpack_sharing_enabled":true,"_links":{"self":[{"href":"https:\/\/eldiariodesanpedro.com.ar\/sitio\/wp-json\/wp\/v2\/posts\/86204","targetHints":{"allow":["GET"]}}],"collection":[{"href":"https:\/\/eldiariodesanpedro.com.ar\/sitio\/wp-json\/wp\/v2\/posts"}],"about":[{"href":"https:\/\/eldiariodesanpedro.com.ar\/sitio\/wp-json\/wp\/v2\/types\/post"}],"author":[{"embeddable":true,"href":"https:\/\/eldiariodesanpedro.com.ar\/sitio\/wp-json\/wp\/v2\/users\/4"}],"replies":[{"embeddable":true,"href":"https:\/\/eldiariodesanpedro.com.ar\/sitio\/wp-json\/wp\/v2\/comments?post=86204"}],"version-history":[{"count":1,"href":"https:\/\/eldiariodesanpedro.com.ar\/sitio\/wp-json\/wp\/v2\/posts\/86204\/revisions"}],"predecessor-version":[{"id":86206,"href":"https:\/\/eldiariodesanpedro.com.ar\/sitio\/wp-json\/wp\/v2\/posts\/86204\/revisions\/86206"}],"wp:featuredmedia":[{"embeddable":true,"href":"https:\/\/eldiariodesanpedro.com.ar\/sitio\/wp-json\/wp\/v2\/media\/86205"}],"wp:attachment":[{"href":"https:\/\/eldiariodesanpedro.com.ar\/sitio\/wp-json\/wp\/v2\/media?parent=86204"}],"wp:term":[{"taxonomy":"category","embeddable":true,"href":"https:\/\/eldiariodesanpedro.com.ar\/sitio\/wp-json\/wp\/v2\/categories?post=86204"},{"taxonomy":"post_tag","embeddable":true,"href":"https:\/\/eldiariodesanpedro.com.ar\/sitio\/wp-json\/wp\/v2\/tags?post=86204"}],"curies":[{"name":"wp","href":"https:\/\/api.w.org\/{rel}","templated":true}]}}